{"id":9321,"date":"2014-11-28T09:38:51","date_gmt":"2014-11-28T11:38:51","guid":{"rendered":"http:\/\/www.sincomam.org.br\/?p=9321"},"modified":"2014-11-28T09:38:51","modified_gmt":"2014-11-28T11:38:51","slug":"comando-do-6-distrito-naval-comemora-o-dia-do-marinheiro","status":"publish","type":"post","link":"https:\/\/www.sincomam.org.br\/index.php\/comando-do-6-distrito-naval-comemora-o-dia-do-marinheiro\/","title":{"rendered":"Comando do 6\u00b0 Distrito Naval comemora o Dia do Marinheiro"},"content":{"rendered":"<p>A Marinha do Brasil por meio do Comando do 6\u00b0 Distrito Naval convida a popula\u00e7\u00e3o de Corumb\u00e1-Lad\u00e1rio a participar das comemora\u00e7\u00f5es alusivas ao Dia do Marinheiro.<\/p>\n<p>Como parte dos eventos, foram programadas diversas atividades em Corumb\u00e1 e Lad\u00e1rio que ter\u00e1 in\u00edcio no dia 05 de dezembro quando o Com6\u00b0DN abre os port\u00f5es para visita\u00e7\u00e3o p\u00fablica \u00e0s instala\u00e7\u00f5es, navios, embarca\u00e7\u00f5es, viaturas e helic\u00f3pteros da Marinha e tamb\u00e9m realizar\u00e1 um Concurso de Desenho.<\/p>\n<p>No dia 06 de dezembro \u00e0s 09h haver\u00e1 a Regata de Canoinhas, no Porto Geral de Corumb\u00e1, junto com Exposi\u00e7\u00e3o de Material da Marinha do Brasil, visita\u00e7\u00e3o p\u00fablica aos navios do Comando da Flotilha de Mato Grosso, e A\u00e7\u00f5es de Profilaxia de Doen\u00e7as, como: atendimento m\u00e9dico, teste de glicemia, aferi\u00e7\u00e3o de press\u00e3o arterial, atendimento odontol\u00f3gico, aplica\u00e7\u00e3o de fl\u00faor, orienta\u00e7\u00e3o sobre higiene bucal e orienta\u00e7\u00f5es de combate a dengue. Essas atividades ter\u00e3o continuidade no domingo, dia 07 de dezembro.<\/p>\n<p>Seguindo com a programa\u00e7\u00e3o, no dia 07 de dezembro \u00e0s 07h30h ser\u00e1 realizada a tradicional Corrida R\u00fastica, em frente ao p\u00f3rtico do Com6\u00b0DN, em Lad\u00e1rio. No mesmo dia, a partir das 18h, no Porto Geral de Corumb\u00e1, haver\u00e1 a Demonstra\u00e7\u00e3o de Opera\u00e7\u00f5es Ribeirinhas no Pantanal, seguida da Apresenta\u00e7\u00e3o da Banda de M\u00fasica da Marinha e da Banda Municipal Manoel Flor\u00eancio.<\/p>\n<p>No dia 12 de dezembro, acontece a cerim\u00f4nia militar do Dia do Marinheiro, em frente ao P\u00f3rtico do Comando do 6\u00b0 Distrito Naval de Lad\u00e1rio. Nessa cerim\u00f4nia, haver\u00e1 a imposi\u00e7\u00e3o da Medalha &#8220;M\u00e9rito Tamandar\u00e9&#8221;, que destina-se a homenagear as autoridades que tenham prestado relevantes servi\u00e7os na divulga\u00e7\u00e3o ou no fortalecimento das tradi\u00e7\u00f5es da Marinha do Brasil, honrando seus feitos ou real\u00e7ando seus vultos hist\u00f3ricos.<\/p>\n<p>E para encerrar as comemora\u00e7\u00f5es alusivas ao Dia do Marinheiro, no dia 14 de dezembro a partir das 18h30, em Lad\u00e1rio, ser\u00e3o realizados, cerim\u00f4nia de &#8220;Troca da Guarda&#8221;, concerto musical, premia\u00e7\u00e3o do concurso de desenho, inaugura\u00e7\u00e3o da ilumina\u00e7\u00e3o de natal seguido de um grande show pirot\u00e9cnico.<\/p>\n<p>Fonte: Assessoria 6\u00baDN<\/p>\n","protected":false},"excerpt":{"rendered":"<p>A Marinha do Brasil por meio do Comando do 6\u00b0 Distrito Naval convida a popula\u00e7\u00e3o de Corumb\u00e1-Lad\u00e1rio a participar das comemora\u00e7\u00f5es alusivas ao Dia do&#8230;<\/p>\n","protected":false},"author":1182,"featured_media":5915,"comment_status":"closed","ping_status":"closed","sticky":false,"template":"","format":"standard","meta":{"footnotes":""},"categories":[6],"tags":[],"class_list":["post-9321","post","type-post","status-publish","format-standard","has-post-thumbnail","hentry","category-noticias"],"_links":{"self":[{"href":"https:\/\/www.sincomam.org.br\/index.php\/wp-json\/wp\/v2\/posts\/9321","targetHints":{"allow":["GET"]}}],"collection":[{"href":"https:\/\/www.sincomam.org.br\/index.php\/wp-json\/wp\/v2\/posts"}],"about":[{"href":"https:\/\/www.sincomam.org.br\/index.php\/wp-json\/wp\/v2\/types\/post"}],"author":[{"embeddable":true,"href":"https:\/\/www.sincomam.org.br\/index.php\/wp-json\/wp\/v2\/users\/1182"}],"replies":[{"embeddable":true,"href":"https:\/\/www.sincomam.org.br\/index.php\/wp-json\/wp\/v2\/comments?post=9321"}],"version-history":[{"count":1,"href":"https:\/\/www.sincomam.org.br\/index.php\/wp-json\/wp\/v2\/posts\/9321\/revisions"}],"predecessor-version":[{"id":9322,"href":"https:\/\/www.sincomam.org.br\/index.php\/wp-json\/wp\/v2\/posts\/9321\/revisions\/9322"}],"wp:featuredmedia":[{"embeddable":true,"href":"https:\/\/www.sincomam.org.br\/index.php\/wp-json\/wp\/v2\/media\/5915"}],"wp:attachment":[{"href":"https:\/\/www.sincomam.org.br\/index.php\/wp-json\/wp\/v2\/media?parent=9321"}],"wp:term":[{"taxonomy":"category","embeddable":true,"href":"https:\/\/www.sincomam.org.br\/index.php\/wp-json\/wp\/v2\/categories?post=9321"},{"taxonomy":"post_tag","embeddable":true,"href":"https:\/\/www.sincomam.org.br\/index.php\/wp-json\/wp\/v2\/tags?post=9321"}],"curies":[{"name":"wp","href":"https:\/\/api.w.org\/{rel}","templated":true}]}}