{"id":9311,"date":"2014-11-28T09:08:01","date_gmt":"2014-11-28T11:08:01","guid":{"rendered":"http:\/\/www.sincomam.org.br\/?p=9311"},"modified":"2014-11-28T09:34:20","modified_gmt":"2014-11-28T11:34:20","slug":"nova-equipe-economica-anuncia-meta-fiscal-e-controle-rigoroso-da-inflacao","status":"publish","type":"post","link":"https:\/\/www.sincomam.org.br\/index.php\/nova-equipe-economica-anuncia-meta-fiscal-e-controle-rigoroso-da-inflacao\/","title":{"rendered":"Nova equipe econ\u00f4mica anuncia meta fiscal e \u2018controle rigoroso\u2019 da infla\u00e7\u00e3o"},"content":{"rendered":"<p><strong><em>Objetivo de super\u00e1vit prim\u00e1rio ser\u00e1 de 1,2% do PIB em 2015 e de 2% em 2016 e 2017. Gera\u00e7\u00e3o de emprego tamb\u00e9m est\u00e1 entre compromissos <\/em><\/strong><\/p>\n<p>O novo ministro da Fazenda, Joaquim Levy, j\u00e1 apresentou as diretrizes da pol\u00edtica econ\u00f4mica da presidente Dilma Rousseff a partir de 2015. Segundo ele, o governo vai fixar metas de super\u00e1vit prim\u00e1rio (economia para o pagamento de juros da d\u00edvida p\u00fablica) para os pr\u00f3ximos tr\u00eas anos.<\/p>\n<p>Segundo ele, em 2015, a equipe econ\u00f4mica vai trabalhar com uma meta fiscal de 1,2% do Produto Interno Bruto (PIB, soma de bens e servi\u00e7os produzidos no pa\u00eds), que \u00e9 menor que o percentual m\u00ednimo fixado na Lei de Diretrizes Or\u00e7ament\u00e1rias (LDO) de 2015, de 2%.<\/p>\n<p>Para 2016 e 2017, no entanto, o super\u00e1vit prim\u00e1rio n\u00e3o ser\u00e1 menor que 2% do PIB:<\/p>\n<p>\u2014 Vir a suceder o mais longevo ministro da Fazenda \u00e9 mais que uma honra, \u00e9 um privil\u00e9gio. O nosso objetivo imediato \u00e9 estabelecer uma meta de super\u00e1vit prim\u00e1rio para os pr\u00f3ximos tr\u00eas anos compat\u00edvel com estabiliza\u00e7\u00e3o e decl\u00ednio da d\u00edvida p\u00fablica, considerando um n\u00edvel de reservas est\u00e1vel \u2014 disse Levy, acrescentando: \u2014 Em 2015, a melhora do prim\u00e1rio n\u00e3o deve nos permitir chegar a um valor de 2%. Deve-se trabalhar com uma meta de 1,2% do PIB. A meta pra 2016 e 2017 tem o mesmo crit\u00e9rio e n\u00e3o ser\u00e1 menor o que 2%.<\/p>\n<p>Ele tamb\u00e9m fez quest\u00e3o de falar sobre a retomada da credibilidade da pol\u00edtica fiscal:<\/p>\n<p>\u2014 O Minist\u00e9rio da Fazenda reafirma o compromisso com a transpar\u00eancia de suas a\u00e7\u00f5es e manifesta o fortalecimento da sua comunica\u00e7\u00e3o de seus objetivos e prioridades e a comunica\u00e7\u00e3o de dados tempestivos, abrangentes e detalhados que possam ser avaliados por toda a sociedade, incluindo os agentes econ\u00f4micos _ disse Levy, acrescentando:<\/p>\n<p>\u2014 Temos a convic\u00e7\u00e3o de que a redu\u00e7\u00e3o das incertezas em rela\u00e7\u00e3o \u00e0s a\u00e7\u00f5es do setor p\u00fablico sempre \u00e9 ingrediente importante para a tomada de risco pelas empresas, trabalhadores e fam\u00edlias brasileiras, especialmente as decis\u00f5es de aumento de investimento. (\u2026) Essa confian\u00e7a \u00e9 a mola para cada um de n\u00f3s nos aprimorarmos e o pa\u00eds crescer.<\/p>\n<p>Ele disse tamb\u00e9m que a prioridade \u00e9 o aumento da taxa de poupan\u00e7a.<\/p>\n<p>\u2014 Nossa prioridade tem que ser o aumento da taxa de poupan\u00e7a. Aumentando sua poupan\u00e7a, especificamente o prim\u00e1rio, o governo contribuir\u00e1 para que os outros agentes de mercado e as fam\u00edlias sigam o mesmo.<\/p>\n<p>Perguntado sobre como o governo vai renegociar a mudan\u00e7a dos indexadores da d\u00edvida de estados e munic\u00edpios, que acaba de ser aprovada pelo Congresso e sancionada pela presidente, Levy disse que h\u00e1 um rito na rela\u00e7\u00e3o entre Uni\u00e3o e os governos regionais e que isso vai ser discutido com a atual equipe econ\u00f4mica:<\/p>\n<p>\u2014 H\u00e1 muitos anos, h\u00e1 um rito de relacionamento com os estados. Temos um per\u00edodo de transi\u00e7\u00e3o para conversar com o Tesouro e ver um encaminhamento que seja mais prop\u00edcio.<\/p>\n<p><strong>Adequa\u00e7\u00e3o da proposta or\u00e7ament\u00e1ria<\/strong><\/p>\n<p>Em seu primeiro discurso ap\u00f3s ser indicado para assumir o Minist\u00e9rio do Planejamento no lugar de Miriam Belchior, Nelson Barbosa disse que atuar\u00e1 em conjunto com a nova equipe econ\u00f4mica em prol do crescimento da economia com \u201ccontrole rigoroso da infla\u00e7\u00e3o, estabilidade fiscal e gera\u00e7\u00e3o de emprego\u201d.<\/p>\n<p>\u2014 Como desafio mais imediato trabalharei na adequa\u00e7\u00e3o da proposta or\u00e7ament\u00e1ria de 2015 ao novo cen\u00e1rios macroecon\u00f4mico e aos objetivos de eleva\u00e7\u00e3o gradual do resultado prim\u00e1rio. Darei continuidade ao processo de melhoria da efici\u00eancia do gasto publico, mediante a moderniza\u00e7\u00e3o da gest\u00e3o e avalia\u00e7\u00e3o do custo-benef\u00edcio dos diversos programas de governo \u2014 disse Barbosa.<\/p>\n<p>O futuro ministro, que ainda trabalhar\u00e1 na equipe de transi\u00e7\u00e3o com Miriam antes de ser empossado em primeiro de janeiro, diz que tamb\u00e9m se empenhar\u00e1 &#8220;pela desburocratiza\u00e7\u00e3o e melhoria da qualidade dos servi\u00e7os p\u00fablicos&#8221;.<\/p>\n<p>Barbosa aproveitou para indicar que dar\u00e1 mais \u00eanfase \u00e0s parcerias com o setor privado do que a atual gest\u00e3o:<\/p>\n<p>\u2014 Assumirei, tamb\u00e9m, a coordena\u00e7\u00e3o dos programas de investimento do governo federal. Essa coordena\u00e7\u00e3o inclui tanto o gasto direto via Or\u00e7amento Geral da Uni\u00e3o \u2013 como o PAC e o programa Minha Casa Minha Vida \u2013 quanto o programa de concess\u00f5es de infraestrutura e log\u00edstica. A coordena\u00e7\u00e3o do investimento inclui, tamb\u00e9m, as parcerias p\u00fablico-privadas, as PPPs, que procurarei desenvolver e ampliar nos pr\u00f3ximos anos, assim como fontes alternativas de financiamento de longo prazo.<\/p>\n<p>Outro desafio que Barbosa assumiu foi o de aumentar a taxa de investimento e a produtividade da economia para \u201cpossibilitar o crescimento mais r\u00e1pido da renda per capita com estabilidade monet\u00e1ria\u201d. Ele tamb\u00e9m disse que vai contribuir para a melhorar a qualidade de vida dos brasileiros.<\/p>\n<p>O ministro anunciado agradeceu a presidente Dilma pela oportunidade e disse que vai dedicar toda sua energia e esfor\u00e7o para honrar a confian\u00e7a da presidente e contribuir para o desenvolvimento do Brasil. Ele tamb\u00e9m elogiou a gest\u00e3o de Miriam, a qual classificou como \u201cexitosa\u201d.<\/p>\n<p><strong>Bancos p\u00fablicos<\/strong><\/p>\n<p>O novo ministro da Fazenda, Joaquim Levy, sinalizou hoje que o governo deve mudar a estrat\u00e9gia de injetar recursos do Tesouro Nacional nos bancos p\u00fablicos para estimular o crescimento. Em seu primeiro discurso depois de oficializado no cargo, ele afirmou que um dos objetivos da nova equipe econ\u00f4mica \u00e9 fazer com que o mercado de capitais complemente a a\u00e7\u00e3o do sistema banc\u00e1rio na oferta de cr\u00e9dito no pa\u00eds:<\/p>\n<p>\u2014 O mercado de capitais ter\u00e1 um papel cada vez mais importante, complementando a a\u00e7\u00e3o do sistema banc\u00e1rio na aloca\u00e7\u00e3o eficiente dos recursos de acordo com sua pr\u00f3pria avalia\u00e7\u00e3o dos riscos e retornos de cada oportunidade de investimento, permitindo novas maneiras do pa\u00eds e das fam\u00edlias constru\u00edrem e se prepararem para um futuro melhor.<\/p>\n<p>Al\u00e9m disso, ao falar sobre o esfor\u00e7o fiscal do governo para os pr\u00f3ximos 3 anos, ele destacou que o super\u00e1vit prim\u00e1rio ficar\u00e1 em 2% do PIB em 2016 e 2017 desde que n\u00e3o haja aumento das transfer\u00eancias do Tesouro para os bancos p\u00fablicos. Como a inten\u00e7\u00e3o do governo \u00e9 reduzir a d\u00edvida bruta, Levy indicou que se for preciso fazer novos aportes, o esfor\u00e7o fiscal ter\u00e1 que ser ainda maior:<\/p>\n<p>\u2014 O objetivo imediato do governo \u00e9 estabelecer uma meta de super\u00e1vit prim\u00e1rio para os pr\u00f3ximos tr\u00eas anos, compat\u00edvel com estabiliza\u00e7\u00e3o e redu\u00e7\u00e3o da d\u00edvida bruta, considerando um n\u00edvel de reservas est\u00e1vel. O super\u00e1vit prim\u00e1rio ter\u00e1 que ser de no m\u00ednimo 2% do PIB ao longo do tempo desde que n\u00e3o haja eleva\u00e7\u00e3o do estoque de transfer\u00eancias do Tesouro para os bancos p\u00fablicos.<\/p>\n<p><strong>Infla\u00e7\u00e3o sob controle<\/strong><\/p>\n<p>O presidente do Banco Central, Alexandre Tombini, afirmou que a autarquia tem trabalhado para manter a infla\u00e7\u00e3o sob controle e fazer com que a taxa retorne para a trajet\u00f3ria de converg\u00eancia para o centro da meta, de 4,5% ao ano.<\/p>\n<p>\u2014 A pol\u00edtica monet\u00e1ria deve evitar que esses ajustes se espalhem para o resto da economia na forma de aumento persistente da infla\u00e7\u00e3o \u2014 afirmou.<\/p>\n<p>Fonte: O Globo \/ Foto: Wilson Dias\/Ag\u00eancia Brasil<\/p>\n","protected":false},"excerpt":{"rendered":"<p>Objetivo de super\u00e1vit prim\u00e1rio ser\u00e1 de 1,2% do PIB em 2015 e de 2% em 2016 e 2017. Gera\u00e7\u00e3o de emprego tamb\u00e9m est\u00e1 entre compromissos&#8230;<\/p>\n","protected":false},"author":1182,"featured_media":9312,"comment_status":"closed","ping_status":"closed","sticky":false,"template":"","format":"standard","meta":{"footnotes":""},"categories":[6],"tags":[],"class_list":["post-9311","post","type-post","status-publish","format-standard","has-post-thumbnail","hentry","category-noticias"],"_links":{"self":[{"href":"https:\/\/www.sincomam.org.br\/index.php\/wp-json\/wp\/v2\/posts\/9311","targetHints":{"allow":["GET"]}}],"collection":[{"href":"https:\/\/www.sincomam.org.br\/index.php\/wp-json\/wp\/v2\/posts"}],"about":[{"href":"https:\/\/www.sincomam.org.br\/index.php\/wp-json\/wp\/v2\/types\/post"}],"author":[{"embeddable":true,"href":"https:\/\/www.sincomam.org.br\/index.php\/wp-json\/wp\/v2\/users\/1182"}],"replies":[{"embeddable":true,"href":"https:\/\/www.sincomam.org.br\/index.php\/wp-json\/wp\/v2\/comments?post=9311"}],"version-history":[{"count":2,"href":"https:\/\/www.sincomam.org.br\/index.php\/wp-json\/wp\/v2\/posts\/9311\/revisions"}],"predecessor-version":[{"id":9320,"href":"https:\/\/www.sincomam.org.br\/index.php\/wp-json\/wp\/v2\/posts\/9311\/revisions\/9320"}],"wp:featuredmedia":[{"embeddable":true,"href":"https:\/\/www.sincomam.org.br\/index.php\/wp-json\/wp\/v2\/media\/9312"}],"wp:attachment":[{"href":"https:\/\/www.sincomam.org.br\/index.php\/wp-json\/wp\/v2\/media?parent=9311"}],"wp:term":[{"taxonomy":"category","embeddable":true,"href":"https:\/\/www.sincomam.org.br\/index.php\/wp-json\/wp\/v2\/categories?post=9311"},{"taxonomy":"post_tag","embeddable":true,"href":"https:\/\/www.sincomam.org.br\/index.php\/wp-json\/wp\/v2\/tags?post=9311"}],"curies":[{"name":"wp","href":"https:\/\/api.w.org\/{rel}","templated":true}]}}