{"id":9309,"date":"2014-11-28T08:52:19","date_gmt":"2014-11-28T10:52:19","guid":{"rendered":"http:\/\/www.sincomam.org.br\/?p=9309"},"modified":"2014-11-28T09:05:03","modified_gmt":"2014-11-28T11:05:03","slug":"sep-divulga-resultado-do-porto-de-vila-do-conde","status":"publish","type":"post","link":"https:\/\/www.sincomam.org.br\/index.php\/sep-divulga-resultado-do-porto-de-vila-do-conde\/","title":{"rendered":"SEP divulga resultado do porto de Vila do Conde"},"content":{"rendered":"<p>A Secretaria de Portos (SEP\/PR) divulgou na \u00faltima quarta-feira, 26\/11, o resultado da consulta p\u00fablica das propostas da poligonal do Porto de Vila do Conde, localizado no munic\u00edpio de Barcarena (PA). A consulta foi aberta dia 03 de outubro e encerrada em dia 04 de novembro.<\/p>\n<p>A poligonal de Vila do Conde inicia uma segunda etapa de revis\u00e3o das poligonais portu\u00e1rias, relativa aos portos que j\u00e1 tinham suas poligonais definidas por decretos, mas que necessitavam de ajustes. A \u00e1rea foi delimitada a partir dos instrumentos que formam o conjunto do planejamento do setor portu\u00e1rio nacional: o Plano de Desenvolvimento e Zoneamento (PDZ) e Planos Diretores Estrat\u00e9gicos (Master Plan) de cada porto e o Plano Nacional de Log\u00edstica Portu\u00e1ria (PNLP).<\/p>\n<p>O desenho da poligonal apresentado pela SEP\/PR passou por discuss\u00e3o com a administra\u00e7\u00e3o portu\u00e1ria e levou em conta as caracter\u00edsticas e o ambiente de atua\u00e7\u00e3o do porto, considerando as \u00e1reas usadas em suas opera\u00e7\u00f5es e suas necessidades de expans\u00e3o a partir dos levantamentos de demanda e oferta contidos nos instrumentos de planejamento, de forma a atender ao disposto no Par\u00e1grafo \u00danico do Artigo 15 da Lei dos Portos. Nele, est\u00e1 estabelecido que os limites devem levar em considera\u00e7\u00e3o os acessos mar\u00edtimos e terrestres, os ganhos de efici\u00eancia e competitividade e as instala\u00e7\u00f5es portu\u00e1rias j\u00e1 existentes.<\/p>\n<p>O Porto de Vila do Conde est\u00e1 localizado no munic\u00edpio de Barcarena, no Par\u00e1, \u00e0 margem direita do rio Par\u00e1, no local chamado de Ponta Grossa, a cerca de 3,3 km do munic\u00edpio de Vila do Conde, em frente \u00e0 ba\u00eda do Maraj\u00f3, formada pela conflu\u00eancia do escoadouro natural da navega\u00e7\u00e3o dos rios Tocantins, Guam\u00e1 e Capim, com amplo acesso mar\u00edtimo e fluvial. (fonte: www.cdp.com.br)<\/p>\n<p>Fonte: Secretaria de Portos &#8211; SEP\/PR<\/p>\n","protected":false},"excerpt":{"rendered":"<p>A Secretaria de Portos (SEP\/PR) divulgou na \u00faltima quarta-feira, 26\/11, o resultado da consulta p\u00fablica das propostas da poligonal do Porto de Vila do Conde,&#8230;<\/p>\n","protected":false},"author":1182,"featured_media":0,"comment_status":"closed","ping_status":"closed","sticky":false,"template":"","format":"standard","meta":{"footnotes":""},"categories":[6],"tags":[],"class_list":["post-9309","post","type-post","status-publish","format-standard","hentry","category-noticias"],"_links":{"self":[{"href":"https:\/\/www.sincomam.org.br\/index.php\/wp-json\/wp\/v2\/posts\/9309","targetHints":{"allow":["GET"]}}],"collection":[{"href":"https:\/\/www.sincomam.org.br\/index.php\/wp-json\/wp\/v2\/posts"}],"about":[{"href":"https:\/\/www.sincomam.org.br\/index.php\/wp-json\/wp\/v2\/types\/post"}],"author":[{"embeddable":true,"href":"https:\/\/www.sincomam.org.br\/index.php\/wp-json\/wp\/v2\/users\/1182"}],"replies":[{"embeddable":true,"href":"https:\/\/www.sincomam.org.br\/index.php\/wp-json\/wp\/v2\/comments?post=9309"}],"version-history":[{"count":1,"href":"https:\/\/www.sincomam.org.br\/index.php\/wp-json\/wp\/v2\/posts\/9309\/revisions"}],"predecessor-version":[{"id":9310,"href":"https:\/\/www.sincomam.org.br\/index.php\/wp-json\/wp\/v2\/posts\/9309\/revisions\/9310"}],"wp:attachment":[{"href":"https:\/\/www.sincomam.org.br\/index.php\/wp-json\/wp\/v2\/media?parent=9309"}],"wp:term":[{"taxonomy":"category","embeddable":true,"href":"https:\/\/www.sincomam.org.br\/index.php\/wp-json\/wp\/v2\/categories?post=9309"},{"taxonomy":"post_tag","embeddable":true,"href":"https:\/\/www.sincomam.org.br\/index.php\/wp-json\/wp\/v2\/tags?post=9309"}],"curies":[{"name":"wp","href":"https:\/\/api.w.org\/{rel}","templated":true}]}}