{"id":9301,"date":"2014-11-28T08:41:18","date_gmt":"2014-11-28T10:41:18","guid":{"rendered":"http:\/\/www.sincomam.org.br\/?p=9301"},"modified":"2014-11-28T08:41:18","modified_gmt":"2014-11-28T10:41:18","slug":"iesa-tem-audiencia-sobre-demissoes","status":"publish","type":"post","link":"https:\/\/www.sincomam.org.br\/index.php\/iesa-tem-audiencia-sobre-demissoes\/","title":{"rendered":"Iesa tem audi\u00eancia sobre demiss\u00f5es"},"content":{"rendered":"<p>Trabalhadores da Iesa \u00d3leo &amp; G\u00e1s em Charqueadas participaram ontem, quinta-feira, de uma audi\u00eancia com a bancada de deputados federais ga\u00facha. O encontro no fim da tarde ocorreu na Assembleia Legislativa, em Porto Alegre, e tamb\u00e9m contou com a presen\u00e7a de dirigente empresariais, pol\u00edticos e sindicais, na tentativa de salvar o polo naval na regi\u00e3o.<\/p>\n<p>A crise da Iesa, que teve cancelado contrato pela Petrobras para fornecer m\u00f3dulos de plataformas de petr\u00f3leo, amea\u00e7a a continuidade da produ\u00e7\u00e3o de equipamentos. Os cerca de mil funcion\u00e1rios da empresa est\u00e3o em licen\u00e7a remunerada \u00e0 espera do desfecho sobre as rescis\u00f5es, medida determinada pela Justi\u00e7a do Trabalho no s\u00e1bado passado.<\/p>\n<p>Quatro \u00f4nibus lotados trouxeram os trabalhadores para o ato na Assembleia. Na pr\u00f3xima quarta-feira, ocorrer\u00e1, na vara da Justi\u00e7a do Trabalho em S\u00e3o Jer\u00f4nimo, uma audi\u00eancia entre Minist\u00e9rio P\u00fablico do Trabalho (MPT), que move a\u00e7\u00e3o contra a demiss\u00e3o coletiva, Iesa, Petrobras e cons\u00f3rcio Tupi-BV e Sindicato dos Metal\u00fargicos de Charqueadas. Nessa quarta-feira, o Tribunal Regional do Trabalho (TRT) da 4\u00aa Regi\u00e3o acatou um mandado de seguran\u00e7a impetrado pela Petrobras e determinou o desbloqueio de valores em contas banc\u00e1rias que havia sido decidido por juiz de primeira inst\u00e2ncia.<\/p>\n<p>O contrato que a estatal mantinha com a fabricante da \u00e1rea naval era de US$ 800 milh\u00f5es. A liminar concedida pela ju\u00edza Lila Paula Flores Fran\u00e7a, de S\u00e3o Jer\u00f4nimo, bloqueava contas banc\u00e1rias e aplica\u00e7\u00f5es financeiras da Iesa, at\u00e9 o teto de R$ 30 milh\u00f5es, cifra estimada para cobrir as rescis\u00f5es.<\/p>\n<p>A ju\u00edza entendeu que a Petrobras seria correspons\u00e1vel pelas demiss\u00f5es, ao suspender o contrato de fornecimento. O juiz do Trabalho Jos\u00e9 Ces\u00e1rio Figueiredo Teixeira, convocado na 1\u00aa Se\u00e7\u00e3o de Diss\u00eddios Individuais do TRT, contestou a decis\u00e3o inicial e alterou o alcance, entendendo que a responsabilidade da petroleira \u00e9 subsidi\u00e1ria.<\/p>\n<p>Teixeira apontou que se for preciso penhorar valores da estatal, ante insucesso na execu\u00e7\u00e3o da Iesa, a Justi\u00e7a n\u00e3o dever\u00e1 ter dificuldades, por se tratar de uma \u201cempresa s\u00f3lida\u201d. O sequestro dos bens, j\u00e1 efetuado em Charqueadas pela Vara do Trabalho de S\u00e3o Jer\u00f4nimo nessa ter\u00e7a-feira, n\u00e3o foi objeto do pedido apreciado.<\/p>\n<p>Em nota, a Iesa informa que foi intimada das determina\u00e7\u00f5es judiciais, bloqueio e penhora, no dia 25, e que est\u00e1 avaliando medidas para a audi\u00eancia de concilia\u00e7\u00e3o. Os oficiais de Justi\u00e7a tentaram por quatro dias sem sucesso fazer a comunica\u00e7\u00e3o \u00e0 empresa. Na segunda-feira passada, trabalhadores realizaram uma vig\u00edlia em frente \u00e0 unidade, localizada na RS-401.<\/p>\n<p>Fonte: Jornal do Commrecio (POA)<\/p>\n","protected":false},"excerpt":{"rendered":"<p>Trabalhadores da Iesa \u00d3leo &amp; G\u00e1s em Charqueadas participaram ontem, quinta-feira, de uma audi\u00eancia com a bancada de deputados federais ga\u00facha. O encontro no fim&#8230;<\/p>\n","protected":false},"author":1182,"featured_media":0,"comment_status":"closed","ping_status":"closed","sticky":false,"template":"","format":"standard","meta":{"footnotes":""},"categories":[6],"tags":[],"class_list":["post-9301","post","type-post","status-publish","format-standard","hentry","category-noticias"],"_links":{"self":[{"href":"https:\/\/www.sincomam.org.br\/index.php\/wp-json\/wp\/v2\/posts\/9301","targetHints":{"allow":["GET"]}}],"collection":[{"href":"https:\/\/www.sincomam.org.br\/index.php\/wp-json\/wp\/v2\/posts"}],"about":[{"href":"https:\/\/www.sincomam.org.br\/index.php\/wp-json\/wp\/v2\/types\/post"}],"author":[{"embeddable":true,"href":"https:\/\/www.sincomam.org.br\/index.php\/wp-json\/wp\/v2\/users\/1182"}],"replies":[{"embeddable":true,"href":"https:\/\/www.sincomam.org.br\/index.php\/wp-json\/wp\/v2\/comments?post=9301"}],"version-history":[{"count":1,"href":"https:\/\/www.sincomam.org.br\/index.php\/wp-json\/wp\/v2\/posts\/9301\/revisions"}],"predecessor-version":[{"id":9302,"href":"https:\/\/www.sincomam.org.br\/index.php\/wp-json\/wp\/v2\/posts\/9301\/revisions\/9302"}],"wp:attachment":[{"href":"https:\/\/www.sincomam.org.br\/index.php\/wp-json\/wp\/v2\/media?parent=9301"}],"wp:term":[{"taxonomy":"category","embeddable":true,"href":"https:\/\/www.sincomam.org.br\/index.php\/wp-json\/wp\/v2\/categories?post=9301"},{"taxonomy":"post_tag","embeddable":true,"href":"https:\/\/www.sincomam.org.br\/index.php\/wp-json\/wp\/v2\/tags?post=9301"}],"curies":[{"name":"wp","href":"https:\/\/api.w.org\/{rel}","templated":true}]}}