{"id":9294,"date":"2014-11-27T08:23:51","date_gmt":"2014-11-27T10:23:51","guid":{"rendered":"http:\/\/www.sincomam.org.br\/?p=9294"},"modified":"2014-11-26T17:48:06","modified_gmt":"2014-11-26T19:48:06","slug":"internacional-numero-de-casos-de-ebola-chega-perto-de-16-mil","status":"publish","type":"post","link":"https:\/\/www.sincomam.org.br\/index.php\/internacional-numero-de-casos-de-ebola-chega-perto-de-16-mil\/","title":{"rendered":"Internacional: n\u00famero de casos de ebola chega perto de 16 mil"},"content":{"rendered":"<p>O saldo de mortos da pior epidemia de ebola j\u00e1 registrada aumentou para 5.689 entre os 15.935 casos identificados em oito pa\u00edses at\u00e9 23 de novembro, relatou a Organiza\u00e7\u00e3o Mundial da Sa\u00fade (OMS) nesta quarta-feira.<\/p>\n<p>Quase todos os casos e todas as mortes, menos 15, ocorreram na Guin\u00e9, em Serra Leoa e na Lib\u00e9ria, os tr\u00eas pa\u00edses mais atingidos, que informaram 600 novos casos na semana passada, disse a OMS em sua atualiza\u00e7\u00e3o mais recente.<\/p>\n<p>\u201cO n\u00famero total de casos relatados em Serra Leoa desde o in\u00edcio do surto logo ir\u00e1 superar o n\u00famero relatado na Lib\u00e9ria\u201d, declarou a entidade. A ex-col\u00f4nia brit\u00e2nica comunicou 6.599 casos, e a Lib\u00e9ria, 7.168.<\/p>\n<p>A transmiss\u00e3o do v\u00edrus continua intensa em Serra Leoa, com exce\u00e7\u00e3o do sudeste, e a capital, Freetown, ainda \u00e9 a \u00e1rea mais afetada, afirmou a OMS.<\/p>\n<p>\u201cLib\u00e9ria e Serra Leoa relatam que menos de 70 por cento dos pacientes est\u00e3o isolados, embora haja uma varia\u00e7\u00e3o enorme entre os distritos.\u201d<\/p>\n<p>Peter Piot, um especialista de destaque na doen\u00e7a e um dos primeiros cientistas a identificar o v\u00edrus do Ebola quase 40 anos atr\u00e1s, declarou nesta quarta-feira que a epidemia no oeste da \u00c1frica pode piorar ainda mais antes de ser contida, mas que novas infec\u00e7\u00f5es devem come\u00e7ar a diminuir em todos os pa\u00edses afetados at\u00e9 o fim do ano.<\/p>\n<p>Fonte: Reuters<\/p>\n","protected":false},"excerpt":{"rendered":"<p>O saldo de mortos da pior epidemia de ebola j\u00e1 registrada aumentou para 5.689 entre os 15.935 casos identificados em oito pa\u00edses at\u00e9 23 de&#8230;<\/p>\n","protected":false},"author":1182,"featured_media":8552,"comment_status":"closed","ping_status":"closed","sticky":false,"template":"","format":"standard","meta":{"footnotes":""},"categories":[6],"tags":[1438,1458,1457,1459,1460,1210],"class_list":["post-9294","post","type-post","status-publish","format-standard","has-post-thumbnail","hentry","category-noticias","tag-africa","tag-doenca","tag-ebola","tag-epidemia","tag-infectados","tag-mundo"],"_links":{"self":[{"href":"https:\/\/www.sincomam.org.br\/index.php\/wp-json\/wp\/v2\/posts\/9294","targetHints":{"allow":["GET"]}}],"collection":[{"href":"https:\/\/www.sincomam.org.br\/index.php\/wp-json\/wp\/v2\/posts"}],"about":[{"href":"https:\/\/www.sincomam.org.br\/index.php\/wp-json\/wp\/v2\/types\/post"}],"author":[{"embeddable":true,"href":"https:\/\/www.sincomam.org.br\/index.php\/wp-json\/wp\/v2\/users\/1182"}],"replies":[{"embeddable":true,"href":"https:\/\/www.sincomam.org.br\/index.php\/wp-json\/wp\/v2\/comments?post=9294"}],"version-history":[{"count":1,"href":"https:\/\/www.sincomam.org.br\/index.php\/wp-json\/wp\/v2\/posts\/9294\/revisions"}],"predecessor-version":[{"id":9295,"href":"https:\/\/www.sincomam.org.br\/index.php\/wp-json\/wp\/v2\/posts\/9294\/revisions\/9295"}],"wp:featuredmedia":[{"embeddable":true,"href":"https:\/\/www.sincomam.org.br\/index.php\/wp-json\/wp\/v2\/media\/8552"}],"wp:attachment":[{"href":"https:\/\/www.sincomam.org.br\/index.php\/wp-json\/wp\/v2\/media?parent=9294"}],"wp:term":[{"taxonomy":"category","embeddable":true,"href":"https:\/\/www.sincomam.org.br\/index.php\/wp-json\/wp\/v2\/categories?post=9294"},{"taxonomy":"post_tag","embeddable":true,"href":"https:\/\/www.sincomam.org.br\/index.php\/wp-json\/wp\/v2\/tags?post=9294"}],"curies":[{"name":"wp","href":"https:\/\/api.w.org\/{rel}","templated":true}]}}