{"id":9284,"date":"2014-11-27T08:02:08","date_gmt":"2014-11-27T10:02:08","guid":{"rendered":"http:\/\/www.sincomam.org.br\/?p=9284"},"modified":"2014-11-26T16:53:13","modified_gmt":"2014-11-26T18:53:13","slug":"janot-deve-pedir-nos-proximos-dias-abertura-de-inquerito-contra-politicos-envolvidos-na-operacao-lava-jato","status":"publish","type":"post","link":"https:\/\/www.sincomam.org.br\/index.php\/janot-deve-pedir-nos-proximos-dias-abertura-de-inquerito-contra-politicos-envolvidos-na-operacao-lava-jato\/","title":{"rendered":"Janot deve pedir nos pr\u00f3ximos dias abertura de inqu\u00e9rito contra pol\u00edticos envolvidos na Opera\u00e7\u00e3o Lava-Jato"},"content":{"rendered":"<p><strong><em>Procurador enviar\u00e1 as investiga\u00e7\u00f5es contra pessoas com foro especial ao Supremo<\/em><\/strong><\/p>\n<p>O procurador-geral da Rep\u00fablica, Rodrigo Janot, deve pedir a abertura de inqu\u00e9rito contra pessoas acusadas nos depoimentos do doleiro Alberto Youssef assim que receber o conte\u00fado da dela\u00e7\u00e3o premiada. Ele enviar\u00e1 as investiga\u00e7\u00f5es contra pessoas com direito ao foro especial, como parlamentares e ministros, ao Supremo Tribunal Federal (STF). Os outros suspeitos ser\u00e3o alvo da Justi\u00e7a Federal no Paran\u00e1. Isso deve acontecer nos pr\u00f3ximos dias, j\u00e1 que Youssef encerrou os depoimentos na ter\u00e7a-feira.<\/p>\n<p>Na avalia\u00e7\u00e3o de Janot, os conte\u00fados das dela\u00e7\u00f5es de Youssef e do ex-diretor da Petrobras Paulo Roberto Costa j\u00e1 s\u00e3o suficientes para embasar as investiga\u00e7\u00f5es de corrup\u00e7\u00e3o na estatal. Outras dela\u00e7\u00f5es premiadas devem ser acordadas entre o Minist\u00e9rio P\u00fablico e outros suspeitos, especialmente dirigentes de empreiteiras que participaram do esquema de desvio de dinheiro p\u00fablico. Se os pr\u00f3ximos depoimentos apresentarem novos ind\u00edcios, outros inqu\u00e9ritos ser\u00e3o abertos no futuro.<\/p>\n<p>Os primeiros ind\u00edcios de fraude na Petrobras foram enviados ao STF com base nos depoimentos de Paulo Roberto Costa. Janot, no entanto, pediu para que as investiga\u00e7\u00f5es s\u00f3 fossem iniciadas depois que todas as dela\u00e7\u00f5es premiadas foram conclu\u00eddas. Agora, com os novos depoimentos de Youssef, o procurador pedir\u00e1 a abertura de inqu\u00e9rito contra pessoas apontadas como participantes do esquema pelos dois delatores.<\/p>\n<p>Os casos tramitam em segredo de justi\u00e7a. N\u00e3o se sabe, portanto, quantas ou quais pessoas est\u00e3o sendo investigadas. Se, depois da fase de inqu\u00e9rito, o Minist\u00e9rio P\u00fablico apresentar den\u00fancia contra os suspeitos, e se a justi\u00e7a abrir a\u00e7\u00f5es penais contra os acusados, o conte\u00fado das dela\u00e7\u00f5es poder\u00e1 ser desvelado. As fraudes na Petrobras vieram \u00e0 tona na Opera\u00e7\u00e3o Lava-Jato, da Pol\u00edcia Federal. At\u00e9 agora, foram presos dirigentes da estatal e tamb\u00e9m de empreiteiras envolvidas no esquema.<\/p>\n<p>Fonte: O Globo<\/p>\n","protected":false},"excerpt":{"rendered":"<p>Procurador enviar\u00e1 as investiga\u00e7\u00f5es contra pessoas com foro especial ao Supremo O procurador-geral da Rep\u00fablica, Rodrigo Janot, deve pedir a abertura de inqu\u00e9rito contra pessoas&#8230;<\/p>\n","protected":false},"author":1182,"featured_media":9106,"comment_status":"closed","ping_status":"closed","sticky":false,"template":"","format":"standard","meta":{"footnotes":""},"categories":[6],"tags":[],"class_list":["post-9284","post","type-post","status-publish","format-standard","has-post-thumbnail","hentry","category-noticias"],"_links":{"self":[{"href":"https:\/\/www.sincomam.org.br\/index.php\/wp-json\/wp\/v2\/posts\/9284","targetHints":{"allow":["GET"]}}],"collection":[{"href":"https:\/\/www.sincomam.org.br\/index.php\/wp-json\/wp\/v2\/posts"}],"about":[{"href":"https:\/\/www.sincomam.org.br\/index.php\/wp-json\/wp\/v2\/types\/post"}],"author":[{"embeddable":true,"href":"https:\/\/www.sincomam.org.br\/index.php\/wp-json\/wp\/v2\/users\/1182"}],"replies":[{"embeddable":true,"href":"https:\/\/www.sincomam.org.br\/index.php\/wp-json\/wp\/v2\/comments?post=9284"}],"version-history":[{"count":1,"href":"https:\/\/www.sincomam.org.br\/index.php\/wp-json\/wp\/v2\/posts\/9284\/revisions"}],"predecessor-version":[{"id":9285,"href":"https:\/\/www.sincomam.org.br\/index.php\/wp-json\/wp\/v2\/posts\/9284\/revisions\/9285"}],"wp:featuredmedia":[{"embeddable":true,"href":"https:\/\/www.sincomam.org.br\/index.php\/wp-json\/wp\/v2\/media\/9106"}],"wp:attachment":[{"href":"https:\/\/www.sincomam.org.br\/index.php\/wp-json\/wp\/v2\/media?parent=9284"}],"wp:term":[{"taxonomy":"category","embeddable":true,"href":"https:\/\/www.sincomam.org.br\/index.php\/wp-json\/wp\/v2\/categories?post=9284"},{"taxonomy":"post_tag","embeddable":true,"href":"https:\/\/www.sincomam.org.br\/index.php\/wp-json\/wp\/v2\/tags?post=9284"}],"curies":[{"name":"wp","href":"https:\/\/api.w.org\/{rel}","templated":true}]}}