{"id":9278,"date":"2014-11-27T08:15:44","date_gmt":"2014-11-27T10:15:44","guid":{"rendered":"http:\/\/www.sincomam.org.br\/?p=9278"},"modified":"2014-11-26T16:43:38","modified_gmt":"2014-11-26T18:43:38","slug":"atuacao-sindical-e-uso-de-mediacao-em-acordos-trabalhistas-em-pauta","status":"publish","type":"post","link":"https:\/\/www.sincomam.org.br\/index.php\/atuacao-sindical-e-uso-de-mediacao-em-acordos-trabalhistas-em-pauta\/","title":{"rendered":"Atua\u00e7\u00e3o sindical e uso de media\u00e7\u00e3o em acordos trabalhistas em pauta"},"content":{"rendered":"<div id=\"ecxyui_3_16_0_1_1417019937802_24143\" class=\"\"><span id=\"ecxyui_3_16_0_1_1417019937802_24129\" class=\"\">No processo de negocia\u00e7\u00e3o coletiva entre a representa\u00e7\u00e3o sindical de trabalhadores e representantes empresariais h\u00e1 in\u00fameras quest\u00f5es que dividem a opini\u00e3o de advogados, doutrinadores, membros do Minist\u00e9rio P\u00fablico e magistrados trabalhistas. Pensando nisto, a\u00a0<b id=\"ecxyui_3_16_0_1_1417019937802_24170\" class=\"\">Comiss\u00e3o Especial de Direito Sindical selecionou temas candentes<\/b> para contribuir com o debate e realizar\u00e1, no dia 5, a palestra<i class=\"\"> Temas controvertidos da negocia\u00e7\u00e3o coletiva<\/i>, na sede da OAB\/RJ.<\/span><\/div>\n<div id=\"ecxyui_3_16_0_1_1417019937802_24119\" class=\"\"><span class=\"\">\u00a0<\/span><\/div>\n<div id=\"ecxyui_3_16_0_1_1417019937802_24121\" class=\"\"><span id=\"ecxyui_3_16_0_1_1417019937802_24120\" class=\"\">Entre os principais pontos que ser\u00e3o tratados, adiantou a presidente da comiss\u00e3o, Rita Cortez, est\u00e3o a <b id=\"ecxyui_3_16_0_1_1417019937802_24178\" class=\"\">legitimidade da atua\u00e7\u00e3o sindical na negocia\u00e7\u00e3o coletiva,<\/b>\u00a0a media\u00e7\u00e3o e arbitragem como m\u00e9todos de solu\u00e7\u00e3o de conflitos coletivos de trabalho, a exig\u00eancia do comum acordo entre as partes (representa\u00e7\u00f5es dos trabalhadores e empresarial) para ajuizamento dos diss\u00eddios coletivos nas hip\u00f3teses de frustra\u00e7\u00e3o ou impasse nas negocia\u00e7\u00f5es coletivas, a autonomia sindical na condu\u00e7\u00e3o das negocia\u00e7\u00f5es, e a atua\u00e7\u00e3o do Minist\u00e9rio P\u00fablico, seja nos pedidos de media\u00e7\u00e3o ou como oficiante nos diss\u00eddios coletivos instaurados perante os tribunais regionais, inclusive na hip\u00f3tese de greve.<br class=\"\" \/>\u00a0<br class=\"\" \/>Segundo Rita, a negocia\u00e7\u00e3o coletiva das reivindica\u00e7\u00f5es de trabalhadores e das pretens\u00f5es dos empregadores nas rela\u00e7\u00f5es de trabalho \u00e9 <b class=\"\">fonte de direito material do Trabalho<\/b>. &#8220;Dela surgem os acordos e as conven\u00e7\u00f5es coletivas de trabalho que fixam as condi\u00e7\u00f5es salariais, os benef\u00edcios e vantagens remunerat\u00f3rias, os dispositivos de seguran\u00e7a e de prote\u00e7\u00e3o \u00e0 sa\u00fade do trabalhador, as normas disciplinadoras das rela\u00e7\u00f5es sindicais nas empresas, dentre outras regras que ir\u00e3o disciplinar, ademais do disposto na lei, os contratos individuais de emprego&#8221;. explicou.<\/span><\/div>\n<div id=\"ecxyui_3_16_0_1_1417019937802_24122\" class=\"\"><span id=\"ecxyui_3_16_0_1_1417019937802_24144\" class=\"\"><br class=\"\" \/>O evento tem como palestrantes a desembargadora do Tribunal Regional Federal da 2\u00aa Regi\u00e3o Salete Maccaloz, a professora e integrante do Instituto dos Advogados Brasileiros (IAB) Benizete Ramos de Medeiros e o advogado de sindicatos e tamb\u00e9m integrante do IAB Humberto Jansen Machado.<\/span><\/div>\n<div id=\"ecxyui_3_16_0_1_1417019937802_24156\" class=\"\"><span id=\"ecxyui_3_16_0_1_1417019937802_24169\" class=\"\">A palestra <b id=\"ecxyui_3_16_0_1_1417019937802_24168\" class=\"\">ser\u00e1 das 16h \u00e0s 20h, 6\u00aa Feira (28\/11), <\/b>no 4\u00ba andar da sede da entidade.<\/span><\/div>\n<p><span><br \/>Fonte: reda\u00e7\u00e3o da Tribuna do Advogado <\/span><\/p>\n","protected":false},"excerpt":{"rendered":"<p>No processo de negocia\u00e7\u00e3o coletiva entre a representa\u00e7\u00e3o sindical de trabalhadores e representantes empresariais h\u00e1 in\u00fameras quest\u00f5es que dividem a opini\u00e3o de advogados, doutrinadores, membros&#8230;<\/p>\n","protected":false},"author":1182,"featured_media":9279,"comment_status":"closed","ping_status":"closed","sticky":false,"template":"","format":"standard","meta":{"footnotes":""},"categories":[6],"tags":[],"class_list":["post-9278","post","type-post","status-publish","format-standard","has-post-thumbnail","hentry","category-noticias"],"_links":{"self":[{"href":"https:\/\/www.sincomam.org.br\/index.php\/wp-json\/wp\/v2\/posts\/9278","targetHints":{"allow":["GET"]}}],"collection":[{"href":"https:\/\/www.sincomam.org.br\/index.php\/wp-json\/wp\/v2\/posts"}],"about":[{"href":"https:\/\/www.sincomam.org.br\/index.php\/wp-json\/wp\/v2\/types\/post"}],"author":[{"embeddable":true,"href":"https:\/\/www.sincomam.org.br\/index.php\/wp-json\/wp\/v2\/users\/1182"}],"replies":[{"embeddable":true,"href":"https:\/\/www.sincomam.org.br\/index.php\/wp-json\/wp\/v2\/comments?post=9278"}],"version-history":[{"count":1,"href":"https:\/\/www.sincomam.org.br\/index.php\/wp-json\/wp\/v2\/posts\/9278\/revisions"}],"predecessor-version":[{"id":9280,"href":"https:\/\/www.sincomam.org.br\/index.php\/wp-json\/wp\/v2\/posts\/9278\/revisions\/9280"}],"wp:featuredmedia":[{"embeddable":true,"href":"https:\/\/www.sincomam.org.br\/index.php\/wp-json\/wp\/v2\/media\/9279"}],"wp:attachment":[{"href":"https:\/\/www.sincomam.org.br\/index.php\/wp-json\/wp\/v2\/media?parent=9278"}],"wp:term":[{"taxonomy":"category","embeddable":true,"href":"https:\/\/www.sincomam.org.br\/index.php\/wp-json\/wp\/v2\/categories?post=9278"},{"taxonomy":"post_tag","embeddable":true,"href":"https:\/\/www.sincomam.org.br\/index.php\/wp-json\/wp\/v2\/tags?post=9278"}],"curies":[{"name":"wp","href":"https:\/\/api.w.org\/{rel}","templated":true}]}}