{"id":9258,"date":"2014-11-26T09:14:00","date_gmt":"2014-11-26T11:14:00","guid":{"rendered":"http:\/\/www.sincomam.org.br\/?p=9258"},"modified":"2014-11-26T09:14:00","modified_gmt":"2014-11-26T11:14:00","slug":"tripulacao-do-navio-adamastos-tem-alimentacao-para-apenas-mais-dois-dias","status":"publish","type":"post","link":"https:\/\/www.sincomam.org.br\/index.php\/tripulacao-do-navio-adamastos-tem-alimentacao-para-apenas-mais-dois-dias\/","title":{"rendered":"Tripula\u00e7\u00e3o do navio Adamastos tem alimenta\u00e7\u00e3o para apenas mais dois dias"},"content":{"rendered":"<p>Ontem, ter\u00e7a (25), auditores fiscais do Minist\u00e9rio do Trabalho estiveram a bordo do navio Adamastos, de bandeira liberiana, para realizar uma fiscaliza\u00e7\u00e3o. Segundo o auditor fiscal, Jo\u00e3o Antonio Moreira, a situa\u00e7\u00e3o \u00e9 prec\u00e1ria. &#8220;Eles s\u00f3 tem alimenta\u00e7\u00e3o para mais dois dias&#8221;, revelou Moreira.<\/p>\n<p>O auditor fiscal informou ainda que a tripula\u00e7\u00e3o do Adamastos revelou que os sal\u00e1rios est\u00e3o atrasados h\u00e1 sete meses.\u00a0 De acordo com a OIT (Organiza\u00e7\u00e3o Internacional do Trabalho) 166, assinada em Genebra, em 1987, &#8220;os marinheiros t\u00eam direito a ser repatriados quando o armador n\u00e3o puder continuar cumprindo suas obriga\u00e7\u00f5es legais ou contratuais como empregador do marinheiro, devido a fal\u00eancia, venda do navio, mudan\u00e7a do registro do navio ou qualquer outro motivo an\u00e1logo&#8221;. &#8220;Estamos trabalhando na repatria\u00e7\u00e3o da tripula\u00e7\u00e3o. Os custos correr\u00e3o por conta do armador&#8221;, revelou Moreira.<\/p>\n<p>O armador respons\u00e1vel pelo navio \u00e9 grego e, de acordo com a Capitania dos Portos do Rio Grande do Sul e com o Minist\u00e9rio do Trabalho, possui outras d\u00edvidas, al\u00e9m das quest\u00f5es trabalhistas.<\/p>\n<p>O navio Adamastos est\u00e1 fundeado fora da Barra desde o dia 9 de agosto. Ele possui uma tripula\u00e7\u00e3o de 22 marinheiros de diversas nacionalidades. Na \u00faltima sexta-feira (21), a Capitania dos Portos recebeu um e-mail do comandante do navio informando sobre a falta de alimentos e sobre as quest\u00f5es trabalhistas.<\/p>\n<p>Fonte: Jornal Agora (RS)\/ Eduarda Toralles<br \/>Foto: Delegacia do Trabalho\/Divulga\u00e7\u00e3o<\/p>\n","protected":false},"excerpt":{"rendered":"<p>Ontem, ter\u00e7a (25), auditores fiscais do Minist\u00e9rio do Trabalho estiveram a bordo do navio Adamastos, de bandeira liberiana, para realizar uma fiscaliza\u00e7\u00e3o. Segundo o auditor&#8230;<\/p>\n","protected":false},"author":1182,"featured_media":9259,"comment_status":"closed","ping_status":"closed","sticky":false,"template":"","format":"standard","meta":{"footnotes":""},"categories":[6],"tags":[],"class_list":["post-9258","post","type-post","status-publish","format-standard","has-post-thumbnail","hentry","category-noticias"],"_links":{"self":[{"href":"https:\/\/www.sincomam.org.br\/index.php\/wp-json\/wp\/v2\/posts\/9258","targetHints":{"allow":["GET"]}}],"collection":[{"href":"https:\/\/www.sincomam.org.br\/index.php\/wp-json\/wp\/v2\/posts"}],"about":[{"href":"https:\/\/www.sincomam.org.br\/index.php\/wp-json\/wp\/v2\/types\/post"}],"author":[{"embeddable":true,"href":"https:\/\/www.sincomam.org.br\/index.php\/wp-json\/wp\/v2\/users\/1182"}],"replies":[{"embeddable":true,"href":"https:\/\/www.sincomam.org.br\/index.php\/wp-json\/wp\/v2\/comments?post=9258"}],"version-history":[{"count":1,"href":"https:\/\/www.sincomam.org.br\/index.php\/wp-json\/wp\/v2\/posts\/9258\/revisions"}],"predecessor-version":[{"id":9260,"href":"https:\/\/www.sincomam.org.br\/index.php\/wp-json\/wp\/v2\/posts\/9258\/revisions\/9260"}],"wp:featuredmedia":[{"embeddable":true,"href":"https:\/\/www.sincomam.org.br\/index.php\/wp-json\/wp\/v2\/media\/9259"}],"wp:attachment":[{"href":"https:\/\/www.sincomam.org.br\/index.php\/wp-json\/wp\/v2\/media?parent=9258"}],"wp:term":[{"taxonomy":"category","embeddable":true,"href":"https:\/\/www.sincomam.org.br\/index.php\/wp-json\/wp\/v2\/categories?post=9258"},{"taxonomy":"post_tag","embeddable":true,"href":"https:\/\/www.sincomam.org.br\/index.php\/wp-json\/wp\/v2\/tags?post=9258"}],"curies":[{"name":"wp","href":"https:\/\/api.w.org\/{rel}","templated":true}]}}