{"id":9256,"date":"2014-11-26T09:08:49","date_gmt":"2014-11-26T11:08:49","guid":{"rendered":"http:\/\/www.sincomam.org.br\/?p=9256"},"modified":"2014-11-26T09:08:49","modified_gmt":"2014-11-26T11:08:49","slug":"porto-do-rio-grande-completa-99-anos","status":"publish","type":"post","link":"https:\/\/www.sincomam.org.br\/index.php\/porto-do-rio-grande-completa-99-anos\/","title":{"rendered":"Porto do Rio Grande completa 99 anos"},"content":{"rendered":"<p>O Porto do Rio Grande completou, no \u00faltimo dia 15 de novembro, 99 anos de hist\u00f3ria. Para festejar esta data, a Superintend\u00eancia do Porto realizar\u00e1, no dia 28 de novembro, no Armaz\u00e9m A5 do Porto Velho, uma comemora\u00e7\u00e3o para a comunidade portu\u00e1ria.<\/p>\n<p>O Superintendente do Porto do Rio Grande, Dirceu Lopes, destacou o momento vivido pelo porto. &#8220;O Porto do Rio Grande passou por uma profunda transforma\u00e7\u00e3o nos \u00faltimos quatro anos. Diversos projetos importantes para o seu crescimento foram desenvolvidos para garantir a infraestrutura e a competitividade necess\u00e1rias para os pr\u00f3ximos 50 anos. Temos, hoje, um planejamento estrat\u00e9gico que ir\u00e1 nortear os caminhos que a gest\u00e3o portu\u00e1ria deve percorrer no futuro&#8221;, apontou.<\/p>\n<p>Lopes observou ainda que o Porto do Rio Grande ganhou destaque nacionalmente e internacionalmente nestes \u00faltimos quatro anos. &#8220;Nesse per\u00edodo, o Porto do Rio Grande ganhou destaque tanto em n\u00edvel nacional como internacional. Atualmente, os ga\u00fachos reconhecem a riqueza do complexo portu\u00e1rio do Rio Grande do Sul e os rio-grandinos t\u00eam orgulho de ter em sua cidade o \u00fanico porto mar\u00edtimo do Estado. A rela\u00e7\u00e3o da Superintend\u00eancia com os governos estadual e federal proporcionou o encaminhamento e a realiza\u00e7\u00e3o de grandes projetos que s\u00e3o resultado de quase quatro anos de trabalho, como o sistema de monitoramento e controle de acesso ao cais p\u00fablico, obras de moderniza\u00e7\u00e3o do cais do Porto Novo, obras de qualifica\u00e7\u00e3o do Porto Novo, o Plano Safra, dragagem no canal de acesso ao porto, entre outros&#8221;, comentou. <\/p>\n<p>Por fim, o superintendente completou: &#8220;Dessa forma, a atra\u00e7\u00e3o de novos investimentos \u00e9 frequente no trabalho da dire\u00e7\u00e3o da Suprg, sempre buscando propiciar mais emprego e renda para a regi\u00e3o sul. Al\u00e9m disso, a Suprg esteve sempre presente em a\u00e7\u00f5es para a melhoria da qualidade de vida da popula\u00e7\u00e3o rio-grandina e o cuidado com o meio ambiente.\u00a0\u00a0 \u00a0<\/p>\n<p>Parab\u00e9ns ao Porto do Rio Grande pelo anivers\u00e1rio e \u00e0 toda comunidade portu\u00e1ria pelo belo trabalho&#8221;.<\/p>\n<p>Fonte?: Jornal Agora (RS)<\/p>\n","protected":false},"excerpt":{"rendered":"<p>O Porto do Rio Grande completou, no \u00faltimo dia 15 de novembro, 99 anos de hist\u00f3ria. Para festejar esta data, a Superintend\u00eancia do Porto realizar\u00e1,&#8230;<\/p>\n","protected":false},"author":1182,"featured_media":0,"comment_status":"closed","ping_status":"closed","sticky":false,"template":"","format":"standard","meta":{"footnotes":""},"categories":[6],"tags":[],"class_list":["post-9256","post","type-post","status-publish","format-standard","hentry","category-noticias"],"_links":{"self":[{"href":"https:\/\/www.sincomam.org.br\/index.php\/wp-json\/wp\/v2\/posts\/9256","targetHints":{"allow":["GET"]}}],"collection":[{"href":"https:\/\/www.sincomam.org.br\/index.php\/wp-json\/wp\/v2\/posts"}],"about":[{"href":"https:\/\/www.sincomam.org.br\/index.php\/wp-json\/wp\/v2\/types\/post"}],"author":[{"embeddable":true,"href":"https:\/\/www.sincomam.org.br\/index.php\/wp-json\/wp\/v2\/users\/1182"}],"replies":[{"embeddable":true,"href":"https:\/\/www.sincomam.org.br\/index.php\/wp-json\/wp\/v2\/comments?post=9256"}],"version-history":[{"count":1,"href":"https:\/\/www.sincomam.org.br\/index.php\/wp-json\/wp\/v2\/posts\/9256\/revisions"}],"predecessor-version":[{"id":9257,"href":"https:\/\/www.sincomam.org.br\/index.php\/wp-json\/wp\/v2\/posts\/9256\/revisions\/9257"}],"wp:attachment":[{"href":"https:\/\/www.sincomam.org.br\/index.php\/wp-json\/wp\/v2\/media?parent=9256"}],"wp:term":[{"taxonomy":"category","embeddable":true,"href":"https:\/\/www.sincomam.org.br\/index.php\/wp-json\/wp\/v2\/categories?post=9256"},{"taxonomy":"post_tag","embeddable":true,"href":"https:\/\/www.sincomam.org.br\/index.php\/wp-json\/wp\/v2\/tags?post=9256"}],"curies":[{"name":"wp","href":"https:\/\/api.w.org\/{rel}","templated":true}]}}