{"id":9248,"date":"2014-11-26T08:50:24","date_gmt":"2014-11-26T10:50:24","guid":{"rendered":"http:\/\/www.sincomam.org.br\/?p=9248"},"modified":"2014-11-26T08:50:24","modified_gmt":"2014-11-26T10:50:24","slug":"terminal-portuario-do-pecem-ganhara-patio-de-inspecoes-e-fiscalizacao-de-conteineres","status":"publish","type":"post","link":"https:\/\/www.sincomam.org.br\/index.php\/terminal-portuario-do-pecem-ganhara-patio-de-inspecoes-e-fiscalizacao-de-conteineres\/","title":{"rendered":"Terminal portu\u00e1rio do Pec\u00e9m ganhar\u00e1 p\u00e1tio de inspe\u00e7\u00f5es e fiscaliza\u00e7\u00e3o de cont\u00eaineres"},"content":{"rendered":"<p>A inspe\u00e7\u00e3o de cargas acondicionadas em cont\u00eaineres que transitam pelo Terminal de M\u00faltiplo Uso do Porto do Pec\u00e9m (TMUT) dever\u00e1 ganhar mais agilidade e seguran\u00e7a. A Secretaria Estadual da Infraestrutura (Seinfra) implantar\u00e1 um p\u00e1tio de fiscaliza\u00e7\u00e3o para atender ao &#8220;scanner&#8221; de inspe\u00e7\u00e3o de cont\u00eaineres, que funciona no Porto. O equipamento realiza vistoria interna dessas c\u00e2maras com cargas classificadas como de alto risco e que possam passar pelo terminal, com destino a outros portos no Exterior. A tecnologia utiliza raios-x, portanto n\u00e3o \u00e9 invasiva.<\/p>\n<p>A empresa vencedora da licita\u00e7\u00e3o do p\u00e1tio foi a Concrepoxi Engenharia, que dever\u00e1 aprontar a obra em quatro meses. Os investimentos somam R$ 1,4 milh\u00e3o. Esse tipo de inspe\u00e7\u00e3o atende \u00e0s medidas de eguran\u00e7a estabelecidas pelo Container Security Iniciative (CSI), do qual o Porto do Pec\u00e9m \u00e9 signat\u00e1rio.<\/p>\n<p>Projetada para refor\u00e7ar o atendimento \u00e0 crescente movimenta\u00e7\u00e3o de cargas do Porto, cuja movimenta\u00e7\u00e3o este ano, j\u00e1 atingiu 6,6 milh\u00f5es de toneladas de mercadorias, a \u00e1rea de fiscaliza\u00e7\u00e3o ter\u00e1 15 mil m\u00b2, anexa ao scanner. O equipamento faz parte dos preparativos para atender ao crescimento da demanda do porto, surgidos com a implanta\u00e7\u00e3o de empreendimentos como a Sider\u00fargica (em implanta\u00e7\u00e3o) e a Refinaria (em planejamento) no Complexo Industrial e Portu\u00e1rio do Pec\u00e9m (Cipp).<\/p>\n<p>Fonte: Di\u00e1rio do Nordeste (CE)<\/p>\n","protected":false},"excerpt":{"rendered":"<p>A inspe\u00e7\u00e3o de cargas acondicionadas em cont\u00eaineres que transitam pelo Terminal de M\u00faltiplo Uso do Porto do Pec\u00e9m (TMUT) dever\u00e1 ganhar mais agilidade e seguran\u00e7a&#8230;.<\/p>\n","protected":false},"author":1182,"featured_media":0,"comment_status":"closed","ping_status":"closed","sticky":false,"template":"","format":"standard","meta":{"footnotes":""},"categories":[6],"tags":[],"class_list":["post-9248","post","type-post","status-publish","format-standard","hentry","category-noticias"],"_links":{"self":[{"href":"https:\/\/www.sincomam.org.br\/index.php\/wp-json\/wp\/v2\/posts\/9248","targetHints":{"allow":["GET"]}}],"collection":[{"href":"https:\/\/www.sincomam.org.br\/index.php\/wp-json\/wp\/v2\/posts"}],"about":[{"href":"https:\/\/www.sincomam.org.br\/index.php\/wp-json\/wp\/v2\/types\/post"}],"author":[{"embeddable":true,"href":"https:\/\/www.sincomam.org.br\/index.php\/wp-json\/wp\/v2\/users\/1182"}],"replies":[{"embeddable":true,"href":"https:\/\/www.sincomam.org.br\/index.php\/wp-json\/wp\/v2\/comments?post=9248"}],"version-history":[{"count":1,"href":"https:\/\/www.sincomam.org.br\/index.php\/wp-json\/wp\/v2\/posts\/9248\/revisions"}],"predecessor-version":[{"id":9249,"href":"https:\/\/www.sincomam.org.br\/index.php\/wp-json\/wp\/v2\/posts\/9248\/revisions\/9249"}],"wp:attachment":[{"href":"https:\/\/www.sincomam.org.br\/index.php\/wp-json\/wp\/v2\/media?parent=9248"}],"wp:term":[{"taxonomy":"category","embeddable":true,"href":"https:\/\/www.sincomam.org.br\/index.php\/wp-json\/wp\/v2\/categories?post=9248"},{"taxonomy":"post_tag","embeddable":true,"href":"https:\/\/www.sincomam.org.br\/index.php\/wp-json\/wp\/v2\/tags?post=9248"}],"curies":[{"name":"wp","href":"https:\/\/api.w.org\/{rel}","templated":true}]}}