{"id":9241,"date":"2014-11-25T08:44:36","date_gmt":"2014-11-25T10:44:36","guid":{"rendered":"http:\/\/www.sincomam.org.br\/?p=9241"},"modified":"2014-11-25T08:44:36","modified_gmt":"2014-11-25T10:44:36","slug":"antaq-celebra-contrato-de-adesao-com-superterminais","status":"publish","type":"post","link":"https:\/\/www.sincomam.org.br\/index.php\/antaq-celebra-contrato-de-adesao-com-superterminais\/","title":{"rendered":"ANTAQ celebra contrato de ades\u00e3o com Superterminais"},"content":{"rendered":"<p>A Uni\u00e3o, por interm\u00e9dio da ANTAQ, celebrou com a empresa Superterminais Com\u00e9rcio e Ind\u00fastria Ltda. contrato de ades\u00e3o adaptado \u00e0 Lei n\u00ba 12.815\/2013. A assinatura aconteceu na manh\u00e3 de ontem, segunda-feira (24), na sede da Ag\u00eancia, em Bras\u00edlia.<\/p>\n<p>Pela ANTAQ, participaram os diretores M\u00e1rio Povia (diretor-geral) e Fernando Fonseca, e pela empresa Marcelo Di Greg\u00f3rio, que estava acompanhado do advogado Benjamin Galloti.<\/p>\n<p>Com a assinatura do contrato, a empresa fica autorizada a explorar instala\u00e7\u00e3o portu\u00e1ria na modalidade Terminal de Uso Privado, denominada Superterminais Com\u00e9rcio e Ind\u00fastria Ltda., localizada em Manaus (AM).<\/p>\n<p>A autoriza\u00e7\u00e3o compreende a movimenta\u00e7\u00e3o e armazenagem de carga geral e carga conteinerizada. A \u00e1rea autorizada para explora\u00e7\u00e3o da instala\u00e7\u00e3o portu\u00e1ria corresponde a 115.404,77 metros quadrados.<\/p>\n<p>A autoriza\u00e7\u00e3o do terminal ter\u00e1 vig\u00eancia por 25 anos contados da data de assinatura do contrato de ades\u00e3o, prorrog\u00e1vel por per\u00edodos sucessivos mediante a manuten\u00e7\u00e3o da atividade pela autorizada e realiza\u00e7\u00e3o dos investimentos necess\u00e1rios \u00e0 expans\u00e3o e moderniza\u00e7\u00e3o das instala\u00e7\u00f5es portu\u00e1rias.<\/p>\n<p>Fonte: Antaq<\/p>\n","protected":false},"excerpt":{"rendered":"<p>A Uni\u00e3o, por interm\u00e9dio da ANTAQ, celebrou com a empresa Superterminais Com\u00e9rcio e Ind\u00fastria Ltda. contrato de ades\u00e3o adaptado \u00e0 Lei n\u00ba 12.815\/2013. A assinatura&#8230;<\/p>\n","protected":false},"author":1182,"featured_media":6017,"comment_status":"closed","ping_status":"closed","sticky":false,"template":"","format":"standard","meta":{"footnotes":""},"categories":[6],"tags":[],"class_list":["post-9241","post","type-post","status-publish","format-standard","has-post-thumbnail","hentry","category-noticias"],"_links":{"self":[{"href":"https:\/\/www.sincomam.org.br\/index.php\/wp-json\/wp\/v2\/posts\/9241","targetHints":{"allow":["GET"]}}],"collection":[{"href":"https:\/\/www.sincomam.org.br\/index.php\/wp-json\/wp\/v2\/posts"}],"about":[{"href":"https:\/\/www.sincomam.org.br\/index.php\/wp-json\/wp\/v2\/types\/post"}],"author":[{"embeddable":true,"href":"https:\/\/www.sincomam.org.br\/index.php\/wp-json\/wp\/v2\/users\/1182"}],"replies":[{"embeddable":true,"href":"https:\/\/www.sincomam.org.br\/index.php\/wp-json\/wp\/v2\/comments?post=9241"}],"version-history":[{"count":1,"href":"https:\/\/www.sincomam.org.br\/index.php\/wp-json\/wp\/v2\/posts\/9241\/revisions"}],"predecessor-version":[{"id":9242,"href":"https:\/\/www.sincomam.org.br\/index.php\/wp-json\/wp\/v2\/posts\/9241\/revisions\/9242"}],"wp:featuredmedia":[{"embeddable":true,"href":"https:\/\/www.sincomam.org.br\/index.php\/wp-json\/wp\/v2\/media\/6017"}],"wp:attachment":[{"href":"https:\/\/www.sincomam.org.br\/index.php\/wp-json\/wp\/v2\/media?parent=9241"}],"wp:term":[{"taxonomy":"category","embeddable":true,"href":"https:\/\/www.sincomam.org.br\/index.php\/wp-json\/wp\/v2\/categories?post=9241"},{"taxonomy":"post_tag","embeddable":true,"href":"https:\/\/www.sincomam.org.br\/index.php\/wp-json\/wp\/v2\/tags?post=9241"}],"curies":[{"name":"wp","href":"https:\/\/api.w.org\/{rel}","templated":true}]}}