{"id":9239,"date":"2014-11-25T08:42:21","date_gmt":"2014-11-25T10:42:21","guid":{"rendered":"http:\/\/www.sincomam.org.br\/?p=9239"},"modified":"2014-11-25T08:42:21","modified_gmt":"2014-11-25T10:42:21","slug":"usuarios-dos-portos-do-rio-oficializam-associacao-representativa","status":"publish","type":"post","link":"https:\/\/www.sincomam.org.br\/index.php\/usuarios-dos-portos-do-rio-oficializam-associacao-representativa\/","title":{"rendered":"Usu\u00e1rios dos portos do Rio oficializam associa\u00e7\u00e3o representativa"},"content":{"rendered":"<p>A Associa\u00e7\u00e3o dos Usu\u00e1rios dos Portos do estado do Rio de Janeiro (Usuport-RJ) ser\u00e1 criada oficialmente nesta ter\u00e7a-feira (25). A comiss\u00e3o respons\u00e1vel convocou uma assembleia extraordin\u00e1ria, que tamb\u00e9m aprovar\u00e1 a diretoria executiva, o conselho fiscal e o estatuto da entidade. O evento acontece a partir das 14 horas, no audit\u00f3rio do Mezanino da Bolsa de G\u00eaneros Aliment\u00edcios do Rio de Janeiro (BGARJ), situada na Rua da Cevada, 93, no Mercado S\u00e3o Sebasti\u00e3o, no bairro Penha Circular.<\/p>\n<p>A comiss\u00e3o de cria\u00e7\u00e3o da Usuport-RJ \u00e9 formada por Andr\u00e9 de Seixas (criador e editor do site dos usu\u00e1rios dos portos do Rio de Janeiro), Euzi Duarte Martins (da empresa Canal Verde \u2013 Consultoria e Com\u00e9rcio Exterior, da \u00e1rea de despachos aduaneiros) e pelo advogado e professor em direito mar\u00edtimo, Osvaldo Agripino de Castro Junior, do escrit\u00f3rio Agripino, Dutra &amp; Schiessl \u2014 Advogados.<\/p>\n<p>O objetivo da associa\u00e7\u00e3o \u00e9 resgatar o interesse p\u00fablico da atividade portu\u00e1ria, do transporte mar\u00edtimo internacional para reduzir custo aos exportadores e importadores. \u201cO Brasil importa medicamentos e insumos, importa 70% da farinha de trigo bem como diversos alimentos, insumos para material de limpeza, dentre outros produtos. Os resultados do trabalho da Usuport-RJ reduzir\u00e3o custos de quem comercializa e, consequentemente, ser\u00e1 sentido nas prateleiras dos supermercados, farm\u00e1cias e com\u00e9rcio de maneira geral\u201d, avalia Seixas.<\/p>\n<p>Ele defende que a cria\u00e7\u00e3o de uma associa\u00e7\u00e3o com \u2018DNA 100% carga\u2019 \u00e9 fundamental para que os usu\u00e1rios embarcadores, exportadores e importadores possam obter competitividade nas suas opera\u00e7\u00f5es. A Usuport-RJ ter\u00e1 como desafio a busca por melhores condi\u00e7\u00f5es nos portos e no transporte mar\u00edtimo (custos e qualidade), pelas quest\u00f5es aduaneiras que envolvam a Receita Federal e demais \u00f3rg\u00e3os anuentes e em quest\u00f5es que tratam de acessos aos portos e de toda cadeia log\u00edstica.<\/p>\n<p>A perspectiva \u00e9 que, pelo menos, outras cinco \u2018Usuport\u2019 sejam criadas em 2015.\u00a0 De acordo com Seixas, a associa\u00e7\u00e3o dos portos do Rio de Janeiro \u2014 junto com as j\u00e1 consolidadas Usuport-BA e Usuport-SC \u2014 dar\u00e1 inicio \u00e0 forma\u00e7\u00e3o de bloco nacional forte, que reduzir\u00e1 as assimetrias de representa\u00e7\u00e3o e informa\u00e7\u00e3o hoje existentes. A Usuport-RJ dever\u00e1 ser formada por empresas embarcadoras, exportadoras e importadoras do Rio de Janeiro e outros estados que utilizam os portos fluminenses.<\/p>\n<p>Fonte: Portos e Navios \/ Danilo Oliveira<\/p>\n","protected":false},"excerpt":{"rendered":"<p>A Associa\u00e7\u00e3o dos Usu\u00e1rios dos Portos do estado do Rio de Janeiro (Usuport-RJ) ser\u00e1 criada oficialmente nesta ter\u00e7a-feira (25). A comiss\u00e3o respons\u00e1vel convocou uma assembleia&#8230;<\/p>\n","protected":false},"author":1182,"featured_media":337,"comment_status":"closed","ping_status":"closed","sticky":false,"template":"","format":"standard","meta":{"footnotes":""},"categories":[6],"tags":[],"class_list":["post-9239","post","type-post","status-publish","format-standard","has-post-thumbnail","hentry","category-noticias"],"_links":{"self":[{"href":"https:\/\/www.sincomam.org.br\/index.php\/wp-json\/wp\/v2\/posts\/9239","targetHints":{"allow":["GET"]}}],"collection":[{"href":"https:\/\/www.sincomam.org.br\/index.php\/wp-json\/wp\/v2\/posts"}],"about":[{"href":"https:\/\/www.sincomam.org.br\/index.php\/wp-json\/wp\/v2\/types\/post"}],"author":[{"embeddable":true,"href":"https:\/\/www.sincomam.org.br\/index.php\/wp-json\/wp\/v2\/users\/1182"}],"replies":[{"embeddable":true,"href":"https:\/\/www.sincomam.org.br\/index.php\/wp-json\/wp\/v2\/comments?post=9239"}],"version-history":[{"count":1,"href":"https:\/\/www.sincomam.org.br\/index.php\/wp-json\/wp\/v2\/posts\/9239\/revisions"}],"predecessor-version":[{"id":9240,"href":"https:\/\/www.sincomam.org.br\/index.php\/wp-json\/wp\/v2\/posts\/9239\/revisions\/9240"}],"wp:featuredmedia":[{"embeddable":true,"href":"https:\/\/www.sincomam.org.br\/index.php\/wp-json\/wp\/v2\/media\/337"}],"wp:attachment":[{"href":"https:\/\/www.sincomam.org.br\/index.php\/wp-json\/wp\/v2\/media?parent=9239"}],"wp:term":[{"taxonomy":"category","embeddable":true,"href":"https:\/\/www.sincomam.org.br\/index.php\/wp-json\/wp\/v2\/categories?post=9239"},{"taxonomy":"post_tag","embeddable":true,"href":"https:\/\/www.sincomam.org.br\/index.php\/wp-json\/wp\/v2\/tags?post=9239"}],"curies":[{"name":"wp","href":"https:\/\/api.w.org\/{rel}","templated":true}]}}