{"id":9231,"date":"2014-11-25T08:17:27","date_gmt":"2014-11-25T10:17:27","guid":{"rendered":"http:\/\/www.sincomam.org.br\/?p=9231"},"modified":"2014-11-24T13:00:02","modified_gmt":"2014-11-24T15:00:02","slug":"antaq-prorroga-audiencias-publicas-03-e-042014-que-visam-aprimorar-projetos-de-normas-na-area-portuaria","status":"publish","type":"post","link":"https:\/\/www.sincomam.org.br\/index.php\/antaq-prorroga-audiencias-publicas-03-e-042014-que-visam-aprimorar-projetos-de-normas-na-area-portuaria\/","title":{"rendered":"ANTAQ prorroga audi\u00eancias p\u00fablicas 03 e 04\/2014 que visam aprimorar projetos de normas na \u00e1rea portu\u00e1ria"},"content":{"rendered":"<p>A ANTAQ prorrogou por mais 15 dias as audi\u00eancias p\u00fablicas 03 e 04\/2014, que visam, respectivamente, aprimorar os atos normativos aprovados pelas resolu\u00e7\u00f5es n\u00bas 3.707-ANTAQ e 3.708-ANTAQ, que objetivam aprovar propostas de normas que regulam a presta\u00e7\u00e3o de servi\u00e7o portu\u00e1rio em bases n\u00e3o discriminat\u00f3rias e a utiliza\u00e7\u00e3o excepcional de \u00e1reas e instala\u00e7\u00f5es portu\u00e1rias concedidas, arrendadas ou autorizadas e a explora\u00e7\u00e3o de \u00e1reas e instala\u00e7\u00f5es portu\u00e1rias no \u00e2mbito dos portos organizados.<\/p>\n<p>As duas minutas de norma est\u00e3o dispon\u00edveis no portal da Ag\u00eancia (www.antaq.gov.br), na internet. Agora, as contribui\u00e7\u00f5es poder\u00e3o ser dirigidas \u00e0 ANTAQ at\u00e9 \u00e0s 18h do dia 08\/12\/2014 exclusivamente por meio de formul\u00e1rio eletr\u00f4nico, tamb\u00e9m dispon\u00edvel no s\u00edtio da Ag\u00eancia, no link \u201cAudi\u00eancias P\u00fablicas\u201d.<\/p>\n<p>Ser\u00e3o aceitas apenas as contribui\u00e7\u00f5es enviadas por meio do citado formul\u00e1rio eletr\u00f4nico. Caso o interessado n\u00e3o tenha os recursos necess\u00e1rios para o envio da contribui\u00e7\u00e3o, poder\u00e1 realizar a sua contribui\u00e7\u00e3o utilizando computador da Secretaria-Geral da ANTAQ, no caso de Bras\u00edlia, ou das Unidades Administrativas Regionais da ANTAQ, cujos endere\u00e7os est\u00e3o dispon\u00edveis no s\u00edtio da Ag\u00eancia.<\/p>\n<p>Fonte: Antaq<\/p>\n","protected":false},"excerpt":{"rendered":"<p>A ANTAQ prorrogou por mais 15 dias as audi\u00eancias p\u00fablicas 03 e 04\/2014, que visam, respectivamente, aprimorar os atos normativos aprovados pelas resolu\u00e7\u00f5es n\u00bas 3.707-ANTAQ&#8230;<\/p>\n","protected":false},"author":1182,"featured_media":8125,"comment_status":"closed","ping_status":"closed","sticky":false,"template":"","format":"standard","meta":{"footnotes":""},"categories":[6],"tags":[],"class_list":["post-9231","post","type-post","status-publish","format-standard","has-post-thumbnail","hentry","category-noticias"],"_links":{"self":[{"href":"https:\/\/www.sincomam.org.br\/index.php\/wp-json\/wp\/v2\/posts\/9231","targetHints":{"allow":["GET"]}}],"collection":[{"href":"https:\/\/www.sincomam.org.br\/index.php\/wp-json\/wp\/v2\/posts"}],"about":[{"href":"https:\/\/www.sincomam.org.br\/index.php\/wp-json\/wp\/v2\/types\/post"}],"author":[{"embeddable":true,"href":"https:\/\/www.sincomam.org.br\/index.php\/wp-json\/wp\/v2\/users\/1182"}],"replies":[{"embeddable":true,"href":"https:\/\/www.sincomam.org.br\/index.php\/wp-json\/wp\/v2\/comments?post=9231"}],"version-history":[{"count":1,"href":"https:\/\/www.sincomam.org.br\/index.php\/wp-json\/wp\/v2\/posts\/9231\/revisions"}],"predecessor-version":[{"id":9232,"href":"https:\/\/www.sincomam.org.br\/index.php\/wp-json\/wp\/v2\/posts\/9231\/revisions\/9232"}],"wp:featuredmedia":[{"embeddable":true,"href":"https:\/\/www.sincomam.org.br\/index.php\/wp-json\/wp\/v2\/media\/8125"}],"wp:attachment":[{"href":"https:\/\/www.sincomam.org.br\/index.php\/wp-json\/wp\/v2\/media?parent=9231"}],"wp:term":[{"taxonomy":"category","embeddable":true,"href":"https:\/\/www.sincomam.org.br\/index.php\/wp-json\/wp\/v2\/categories?post=9231"},{"taxonomy":"post_tag","embeddable":true,"href":"https:\/\/www.sincomam.org.br\/index.php\/wp-json\/wp\/v2\/tags?post=9231"}],"curies":[{"name":"wp","href":"https:\/\/api.w.org\/{rel}","templated":true}]}}