{"id":9205,"date":"2014-11-24T09:35:02","date_gmt":"2014-11-24T11:35:02","guid":{"rendered":"http:\/\/www.sincomam.org.br\/?p=9205"},"modified":"2014-11-24T09:37:15","modified_gmt":"2014-11-24T11:37:15","slug":"iesa-demitira-funcionarios-de-charqueadas","status":"publish","type":"post","link":"https:\/\/www.sincomam.org.br\/index.php\/iesa-demitira-funcionarios-de-charqueadas\/","title":{"rendered":"Iesa \u00d3leo e G\u00e1s demitir\u00e1 funcion\u00e1rios de Charqueadas"},"content":{"rendered":"<p>A Iesa \u00d3leo e G\u00e1s comunicou nessa \u00faltima quinta-feira (27), o rompimento dos contratos de trabalho dos colaboradores que atuavam na planta de constru\u00e7\u00e3o naval de Charqueadas. A rescis\u00e3o vale a partir dessa segunda-feira (24). O Sindicato dos Metal\u00fargicos do munic\u00edpio confirma que a empresa enviou uma nota divulgando a decis\u00e3o.<\/p>\n<p>A companhia ainda acrescentou que n\u00e3o ser\u00e1 necess\u00e1rio comparecer na unidade da empresa na segunda-feira, data que inicialmente era prevista a volta ao trabalho dos funcion\u00e1rios que j\u00e1 estavam dispensados das suas atividades. No total, o desligamento abranger\u00e1 aproximadamente mil pessoas. O Minist\u00e9rio P\u00fablico do Trabalho (MPT) ga\u00facho realizou na quinta-feira, em Santa Cruz do Sul, audi\u00eancia p\u00fablica para que a Iesa explicasse os efeitos para o emprego depois do an\u00fancio do fim do contrato para produ\u00e7\u00e3o de m\u00f3dulos de plataformas para o pr\u00e9-sal em Charqueadas, por parte da Petrobras. As estruturas foram encomendadas pela Tupi BV, que tem como acionistas a estatal, o BG Group e a Petrogal.<\/p>\n<p>O procurador do MPT em Santa Cruz do Sul, que responde pela regi\u00e3o carbon\u00edfera, Bernardo Mata Schuch, decretou sigilo quanto \u00e0 ata do encontro. O que Schuch adiantou \u00e9 que o minist\u00e9rio ir\u00e1 \u201ctomar as medidas cab\u00edveis\u201d. A representante da Iesa na reuni\u00e3o foi a advogada Cl\u00e1ussia Correia da Silva. O presidente do Sindicato dos Metal\u00fargicos de Charqueadas, Jorge Luiz de Carvalho, afirma que ficou preocupado com uma declara\u00e7\u00e3o da porta-voz da companhia, que condicionou o pagamento dos direitos trabalhistas a um aditivo de contrato. \u201cOu seja, eles querem mais dinheiro, isso \u00e9 uma forma de burlar a quest\u00e3o\u201d, enfatiza o sindicalista. Carvalho comenta que ainda n\u00e3o foi decidido que mobiliza\u00e7\u00f5es o sindicato far\u00e1, mas n\u00e3o est\u00e1 descartada uma manifesta\u00e7\u00e3o em frente \u00e0 Iesa na segunda-feira.<\/p>\n<p>O que se tem como certeza \u00e9 que o efeito da demiss\u00e3o de mil empregados ser\u00e1 consider\u00e1vel. O n\u00famero de postos representa 13% das vagas formais no munic\u00edpio, que ao fim de 2013 somavam 7,6 mil empregos com carteira assinada. A economista do Departamento Intersindical de Estat\u00edstica e Estudos Socioecon\u00f4micos (Dieese) Virginia Donoso consultou o Relat\u00f3rio Anual de Informa\u00e7\u00f5es Sociais (Rais) e verificou o rombo que poder\u00e1 ser gerado com a medida. Virginia lembrou que o seguro-desemprego, a que boa parte ter\u00e1 direito, cobre uma parcela do sal\u00e1rio e que muitos devem buscar recoloca\u00e7\u00e3o.<\/p>\n<p>A economista cita que as taxas de desemprego na ind\u00fastria na Regi\u00e3o Metropolitana de Porto Alegre (RMPA), monitoradas de perto pela Pesquisa de Emprego e Desemprego (PED), que tamb\u00e9m \u00e9 apurada pelo Dieese, mostram certa estabilidade, com redu\u00e7\u00f5es e aumento de vagas no ano. Setembro indicou 307 mil pessoas ocupadas no setor, enquanto em janeiro eram 299 mil. A ind\u00fastria responde por 16% do total de ocupados na RMPA. Em outubro, espera-se de novo queda de contrata\u00e7\u00f5es, mesmo que a taxa geral de desemprego gire em 6%.<\/p>\n<p>O que pressiona \u00e9 mais gente buscando vagas, movimento que altera fluxo nos \u00faltimos anos, quando contingente menor de pessoas foi ao mercado atr\u00e1s de trabalho. Como o per\u00edodo de amplia\u00e7\u00e3o, ligado \u00e0 sazonalidade da atividade das f\u00e1bricas, j\u00e1 se encerrou, a expectativa at\u00e9 dezembro \u00e9 de vacas mais magras. Virginia refor\u00e7a que ser\u00e1 importante acionar pol\u00edticas p\u00fablicas, com aten\u00e7\u00e3o em cursos como o bra\u00e7o do Pronatec, que tem verbas federais. \u201cEm outros casos, o governo ampliou as parcelas de seguro-desemprego\u201d, lembrou Virginia. A reportagem do Jornal do Com\u00e9rcio tentou entrar em contato com algum representante da Iesa para tratar do assunto envolvendo Charqueadas, mas n\u00e3o conseguiu retorno.<\/p>\n<p><strong>Secretaria do Trabalho e Fgtas adotam medidas para atenuar os impactos das rescis\u00f5es<\/strong><\/p>\n<p>A Secretaria Estadual do Trabalho e do Desenvolvimento Social (STDS) e a Funda\u00e7\u00e3o Ga\u00facha do Trabalho e A\u00e7\u00e3o Social (Fgtas) anunciaram, nesta quinta-feira, a forma\u00e7\u00e3o de um grupo de trabalho para tratar da situa\u00e7\u00e3o dos funcion\u00e1rios da Iesa, em Charqueadas. No momento, sabe-se que cerca de 400 trabalhadores s\u00e3o do munic\u00edpio de Charqueadas,\u00a0 enquanto os demais s\u00e3o provenientes de cidades vizinhas.<\/p>\n<p>A dire\u00e7\u00e3o da Fgtas determinou que uma unidade m\u00f3vel do Sistema Nacional de Empregos (Sine) fique \u00e0 disposi\u00e7\u00e3o do munic\u00edpio, para iniciar o atendimento aos trabalhadores na recoloca\u00e7\u00e3o no mercado de trabalho ou, quando isso n\u00e3o for poss\u00edvel, efetuar o encaminhamento do benef\u00edcio do seguro-desemprego e para cursos de qualifica\u00e7\u00e3o profissional do Pronatec nos munic\u00edpios em que houver oferta de vagas.<\/p>\n<p>Conforme a Secretaria Estadual do Trabalho, todos os principais servi\u00e7os da Fgtas\u00a0 &#8211; como intermedia\u00e7\u00e3o de emprego e encaminhamento de seguro-desemprego e de Carteira de Trabalho e Previd\u00eancia Social &#8211;\u00a0 s\u00e3o oferecidos, diariamente, na ag\u00eancia Fgtas\/Sine de Charqueadas. Nesta sexta-feira, a partir das 9h, a unidade realizar\u00e1 cadastramento e sele\u00e7\u00e3o de trabalhadores para 40 vagas de emprego.<\/p>\n<p>Para refor\u00e7ar o atendimento prestado aos interessados em se candidatar a novas oportunidades de emprego, ser\u00e1 deslocada uma unidade do Sine M\u00f3vel, que ficar\u00e1 estacionada em frente \u00e0 ag\u00eancia tamb\u00e9m a partir das 9h. O endere\u00e7o da Ag\u00eancia Fgtas\/Sine de Charqueadas \u00e9 rua Orvalino Dorneles, 117.<\/p>\n<p>Fonte: Jornal do Commercio (POA)\/Jefferson Klein e Patr\u00edcia Comunello<\/p>\n","protected":false},"excerpt":{"rendered":"<p>A Iesa \u00d3leo e G\u00e1s comunicou nessa \u00faltima quinta-feira (27), o rompimento dos contratos de trabalho dos colaboradores que atuavam na planta de constru\u00e7\u00e3o naval&#8230;<\/p>\n","protected":false},"author":1182,"featured_media":0,"comment_status":"closed","ping_status":"closed","sticky":false,"template":"","format":"standard","meta":{"footnotes":""},"categories":[6],"tags":[],"class_list":["post-9205","post","type-post","status-publish","format-standard","hentry","category-noticias"],"_links":{"self":[{"href":"https:\/\/www.sincomam.org.br\/index.php\/wp-json\/wp\/v2\/posts\/9205","targetHints":{"allow":["GET"]}}],"collection":[{"href":"https:\/\/www.sincomam.org.br\/index.php\/wp-json\/wp\/v2\/posts"}],"about":[{"href":"https:\/\/www.sincomam.org.br\/index.php\/wp-json\/wp\/v2\/types\/post"}],"author":[{"embeddable":true,"href":"https:\/\/www.sincomam.org.br\/index.php\/wp-json\/wp\/v2\/users\/1182"}],"replies":[{"embeddable":true,"href":"https:\/\/www.sincomam.org.br\/index.php\/wp-json\/wp\/v2\/comments?post=9205"}],"version-history":[{"count":2,"href":"https:\/\/www.sincomam.org.br\/index.php\/wp-json\/wp\/v2\/posts\/9205\/revisions"}],"predecessor-version":[{"id":9207,"href":"https:\/\/www.sincomam.org.br\/index.php\/wp-json\/wp\/v2\/posts\/9205\/revisions\/9207"}],"wp:attachment":[{"href":"https:\/\/www.sincomam.org.br\/index.php\/wp-json\/wp\/v2\/media?parent=9205"}],"wp:term":[{"taxonomy":"category","embeddable":true,"href":"https:\/\/www.sincomam.org.br\/index.php\/wp-json\/wp\/v2\/categories?post=9205"},{"taxonomy":"post_tag","embeddable":true,"href":"https:\/\/www.sincomam.org.br\/index.php\/wp-json\/wp\/v2\/tags?post=9205"}],"curies":[{"name":"wp","href":"https:\/\/api.w.org\/{rel}","templated":true}]}}