{"id":9198,"date":"2014-11-24T09:15:24","date_gmt":"2014-11-24T11:15:24","guid":{"rendered":"http:\/\/www.sincomam.org.br\/?p=9198"},"modified":"2014-11-24T09:15:24","modified_gmt":"2014-11-24T11:15:24","slug":"ministro-dos-portos-se-reune-para-estreitar-lacos-com-a-belgica","status":"publish","type":"post","link":"https:\/\/www.sincomam.org.br\/index.php\/ministro-dos-portos-se-reune-para-estreitar-lacos-com-a-belgica\/","title":{"rendered":"Ministro dos portos se re\u00fane para estreitar la\u00e7os com a B\u00e9lgica"},"content":{"rendered":"<p><strong><em>O evento \u00e9 uma oportunidade de conhecer o ministro e discutir sobre o transporte de mercadorias entre a Uni\u00e3o Europeia e o Brasil<\/em><\/strong><\/p>\n<p>O ministro dos portos, C\u00e9sar Borges, se reunir\u00e1 esse m\u00eas, sexta feira (28), em Bruxelas com empresas belgas interessadas na \u00e1rea de transporte e log\u00edstica. O evento \u00e9 organizado pela C\u00e2mara de Com\u00e9rcio Brasil-B\u00e9lgica-Luxemburgo (Brascam \u2013 sigla em Ingl\u00eas) junto a Embaixada do Brasil na B\u00e9lgica e a C\u00e2mara de Com\u00e9rcio de Bruxelas (BECI \u2013 sigla em Ingl\u00eas), com o apoio da EIA (European Intermodal Association).<\/p>\n<p>No semin\u00e1rio Borges falar\u00e1 entre outros assuntos sobre o PNLT (Plano Nacional de Log\u00edstica e Transportes) e o PNLP (Plano Nacional de Log\u00edstica Portu\u00e1ria). Peter Wolters, Secret\u00e1rio-Geral da EIA, falar\u00e1 sobre a transfer\u00eancia de conhecimento e as melhores pr\u00e1ticas da UE. Na ocasi\u00e3o o embaixador do Brasil na B\u00e9lgica, Andr\u00e9 Amado estar\u00e1 presente. O evento \u00e9 uma oportunidade de conhecer o ministro e discutir sobre o transporte de mercadorias entre a Uni\u00e3o Europeia e o Brasil.<\/p>\n<p>A European Intermodal Association \u00e9 a primeira associa\u00e7\u00e3o europeia aberta a todos os modos de transporte (ferrovi\u00e1rio, rodovi\u00e1rio, fluvial, mar\u00edtimo e a\u00e9reo). Seu objetivo \u00e9 melhorar a coopera\u00e7\u00e3o dos diferentes modos de transporte, j\u00e1 que a cadeia de log\u00edstica ainda tem muitas defici\u00eancias de infraestrutura no que diz respeito a t\u00e9cnica organizacional e legal.<\/p>\n<p>A organiza\u00e7\u00e3o possui mais de 50 membros e cerca de 120 parceiros, al\u00e9m disso \u00e9 qualificada para discutir assuntos pol\u00eamicos e propor solu\u00e7\u00f5es al\u00e9m de melhorias sustent\u00e1veis e bem equilibradas, de acordo com a pol\u00edtica de transportes da Uni\u00e3o Europeia. A EIA oferece ainda servi\u00e7os para institui\u00e7\u00f5es, a fim de ajudar a moldar medidas mais adequadas.<\/p>\n<p>Fonte: Guia Mar\u00edtimo<\/p>\n","protected":false},"excerpt":{"rendered":"<p>O evento \u00e9 uma oportunidade de conhecer o ministro e discutir sobre o transporte de mercadorias entre a Uni\u00e3o Europeia e o Brasil O ministro&#8230;<\/p>\n","protected":false},"author":1182,"featured_media":9199,"comment_status":"closed","ping_status":"closed","sticky":false,"template":"","format":"standard","meta":{"footnotes":""},"categories":[6],"tags":[],"class_list":["post-9198","post","type-post","status-publish","format-standard","has-post-thumbnail","hentry","category-noticias"],"_links":{"self":[{"href":"https:\/\/www.sincomam.org.br\/index.php\/wp-json\/wp\/v2\/posts\/9198","targetHints":{"allow":["GET"]}}],"collection":[{"href":"https:\/\/www.sincomam.org.br\/index.php\/wp-json\/wp\/v2\/posts"}],"about":[{"href":"https:\/\/www.sincomam.org.br\/index.php\/wp-json\/wp\/v2\/types\/post"}],"author":[{"embeddable":true,"href":"https:\/\/www.sincomam.org.br\/index.php\/wp-json\/wp\/v2\/users\/1182"}],"replies":[{"embeddable":true,"href":"https:\/\/www.sincomam.org.br\/index.php\/wp-json\/wp\/v2\/comments?post=9198"}],"version-history":[{"count":1,"href":"https:\/\/www.sincomam.org.br\/index.php\/wp-json\/wp\/v2\/posts\/9198\/revisions"}],"predecessor-version":[{"id":9200,"href":"https:\/\/www.sincomam.org.br\/index.php\/wp-json\/wp\/v2\/posts\/9198\/revisions\/9200"}],"wp:featuredmedia":[{"embeddable":true,"href":"https:\/\/www.sincomam.org.br\/index.php\/wp-json\/wp\/v2\/media\/9199"}],"wp:attachment":[{"href":"https:\/\/www.sincomam.org.br\/index.php\/wp-json\/wp\/v2\/media?parent=9198"}],"wp:term":[{"taxonomy":"category","embeddable":true,"href":"https:\/\/www.sincomam.org.br\/index.php\/wp-json\/wp\/v2\/categories?post=9198"},{"taxonomy":"post_tag","embeddable":true,"href":"https:\/\/www.sincomam.org.br\/index.php\/wp-json\/wp\/v2\/tags?post=9198"}],"curies":[{"name":"wp","href":"https:\/\/api.w.org\/{rel}","templated":true}]}}