{"id":9175,"date":"2014-11-21T09:01:17","date_gmt":"2014-11-21T11:01:17","guid":{"rendered":"http:\/\/www.sincomam.org.br\/?p=9175"},"modified":"2014-11-21T10:03:33","modified_gmt":"2014-11-21T12:03:33","slug":"apos-se-reunir-ontem-com-nelson-barbosa-dilma-pode-anunciar-hoje-novo-ministro-da-fazenda","status":"publish","type":"post","link":"https:\/\/www.sincomam.org.br\/index.php\/apos-se-reunir-ontem-com-nelson-barbosa-dilma-pode-anunciar-hoje-novo-ministro-da-fazenda\/","title":{"rendered":"Ap\u00f3s se reunir ontem com Nelson Barbosa, Dilma pode anunciar hoje novo Ministro da Fazenda"},"content":{"rendered":"<p><strong><em>Trabuco recusou convite para assumir a Fazenda<\/em><\/strong><\/p>\n<p>A presidente Dilma Rousseff pode anunciar nesta sexta-feira (21) o novo ministro da Fazenda. Ele se encontrou nesta quinta-feira, em S\u00e3o Paulo, com o ex-secret\u00e1rio-executivo do Minist\u00e9rio da Fazenda Nelson Barbosa, na reta final para decidir os integrantes da nova equipe econ\u00f4mica, que dever\u00e1 ser anunciada at\u00e9 esta sexta-feira, Al\u00e9m dele, figuram como apostas fortes para ser ministro da pasta o ex-secret\u00e1rio do Tesouro Joaquim Levy e o presidente do Banco Central, Alexandre Tombini. Favorito do ex-presidente Luiz In\u00e1cio Lula da Silva para assumir o minist\u00e9rio, o presidente do Bradesco, Luiz Carlos Trabuco, foi sondado pelo Pal\u00e1cio do Planalto, mas teria recusado o convite.<\/p>\n<p>Segundo interlocutores da presidente, Trabuco seria um bom nome para o mercado, mas sua ida para o governo implicaria contornar uma s\u00e9rie de quest\u00f5es societ\u00e1rias e de sucess\u00e3o no Bradesco. Ele \u00e9 o herdeiro de L\u00e1zaro Brand\u00e3o na presid\u00eancia do Conselho de Administra\u00e7\u00e3o do banco. Em conversa com Dilma em Bras\u00edlia, na quarta-feira, Brand\u00e3o explicou que n\u00e3o teria condi\u00e7\u00f5es de liber\u00e1-lo.<\/p>\n<p>\u2014 Houve uma opera\u00e7\u00e3o para trazer Trabuco para o governo, mas n\u00e3o deu certo \u2014 contou um ministro.<\/p>\n<p>Na conversa entre Dilma e Brand\u00e3o, surgiu o nome de Joaquim Levy como uma op\u00e7\u00e3o \u201cmeio-termo\u201d, que agradaria ao mercado e ao governo.<\/p>\n<p>Interlocutores da presidente Dilma disseram que, desde a reelei\u00e7\u00e3o, ela vem trabalhando com duas cartas: uma ousada, ou seja, um nome do mercado, como Trabuco, Henrique Meirelles e, agora, Levy; e outra conservadora, um nome ligado ao governo, caso de Nelson Barbosa ou Tombini.<\/p>\n<p>Os mesmos interlocutores contam que Lula vinha insistindo no nome de Meirelles. Mas, diante da forte rejei\u00e7\u00e3o ao ex-presidente do Banco Central, de quem Dilma nunca gostou, Lula partiu ent\u00e3o para a defesa de Trabuco, tendo sido, inclusive, respons\u00e1vel pela sondagem ao executivo do Bradesco.<\/p>\n<p>A presidente tem boas rela\u00e7\u00f5es com Tombini e com Barbosa, mas, segundo fontes da equipe econ\u00f4mica, Barbosa \u00e9 quem tem maiores chances, apesar de ele ter sa\u00eddo do governo brigado com o ministro da Fazenda, Guido Mantega. Barbosa poderia manter a pol\u00edtica econ\u00f4mica com vi\u00e9s desenvolvimentista sem as manobras fiscais que prejudicaram a imagem do governo no primeiro mandato de Dilma. Quanto a Tombini, \u00e9 o nome da prefer\u00eancia de Mantega e de grande parte dos integrantes do Minist\u00e9rio da Fazenda.<\/p>\n<p>Fontes do mercado financeiro criticaram a demora da presidente para anunciar o novo ministro. Um analista afirmou que qualquer dos nomes cotados \u2014 Barbosa, Tombini, Levy ou mesmo Meirelles \u2014 seria aceito. A exce\u00e7\u00e3o \u00e9 o ministro da Casa Civil, Aloizio Mercadante, que tamb\u00e9m chegou a circular nas listas de candidatos:<\/p>\n<p>\u2014 O mercado est\u00e1 em suspense. S\u00f3 se sabe o que n\u00e3o se quer, que \u00e9 o Mercadante. Agora, se for Meirelles, Barbosa ou Tombini, tudo bem. Claro, n\u00e3o vai agradar a todo mundo, mas pelo menos temos com o que trabalhar. Do jeito que est\u00e1, h\u00e1 apenas o v\u00e1cuo, e isso gera uma volatilidade que, no fim do dia, s\u00f3 faz cair o pre\u00e7o dos ativos \u2014 disse o analista.<\/p>\n<p>Nas conversas dos \u00faltimos dias, pode ter ocorrido de Dilma fechar os nomes de Fazenda e Planejamento. Barbosa tamb\u00e9m \u00e9 uma op\u00e7\u00e3o para a pasta hoje ocupada por Miriam Belchior.<\/p>\n<p>Fonte: O Globo<\/p>\n","protected":false},"excerpt":{"rendered":"<p>Trabuco recusou convite para assumir a Fazenda A presidente Dilma Rousseff pode anunciar nesta sexta-feira (21) o novo ministro da Fazenda. Ele se encontrou nesta&#8230;<\/p>\n","protected":false},"author":1182,"featured_media":5747,"comment_status":"closed","ping_status":"closed","sticky":false,"template":"","format":"standard","meta":{"footnotes":""},"categories":[6],"tags":[],"class_list":["post-9175","post","type-post","status-publish","format-standard","has-post-thumbnail","hentry","category-noticias"],"_links":{"self":[{"href":"https:\/\/www.sincomam.org.br\/index.php\/wp-json\/wp\/v2\/posts\/9175","targetHints":{"allow":["GET"]}}],"collection":[{"href":"https:\/\/www.sincomam.org.br\/index.php\/wp-json\/wp\/v2\/posts"}],"about":[{"href":"https:\/\/www.sincomam.org.br\/index.php\/wp-json\/wp\/v2\/types\/post"}],"author":[{"embeddable":true,"href":"https:\/\/www.sincomam.org.br\/index.php\/wp-json\/wp\/v2\/users\/1182"}],"replies":[{"embeddable":true,"href":"https:\/\/www.sincomam.org.br\/index.php\/wp-json\/wp\/v2\/comments?post=9175"}],"version-history":[{"count":1,"href":"https:\/\/www.sincomam.org.br\/index.php\/wp-json\/wp\/v2\/posts\/9175\/revisions"}],"predecessor-version":[{"id":9176,"href":"https:\/\/www.sincomam.org.br\/index.php\/wp-json\/wp\/v2\/posts\/9175\/revisions\/9176"}],"wp:featuredmedia":[{"embeddable":true,"href":"https:\/\/www.sincomam.org.br\/index.php\/wp-json\/wp\/v2\/media\/5747"}],"wp:attachment":[{"href":"https:\/\/www.sincomam.org.br\/index.php\/wp-json\/wp\/v2\/media?parent=9175"}],"wp:term":[{"taxonomy":"category","embeddable":true,"href":"https:\/\/www.sincomam.org.br\/index.php\/wp-json\/wp\/v2\/categories?post=9175"},{"taxonomy":"post_tag","embeddable":true,"href":"https:\/\/www.sincomam.org.br\/index.php\/wp-json\/wp\/v2\/tags?post=9175"}],"curies":[{"name":"wp","href":"https:\/\/api.w.org\/{rel}","templated":true}]}}