{"id":9154,"date":"2014-11-18T13:13:50","date_gmt":"2014-11-18T15:13:50","guid":{"rendered":"http:\/\/www.sincomam.org.br\/?p=9154"},"modified":"2014-11-19T13:30:12","modified_gmt":"2014-11-19T15:30:12","slug":"grupo-ccr-e-sincomam","status":"publish","type":"post","link":"https:\/\/www.sincomam.org.br\/index.php\/grupo-ccr-e-sincomam\/","title":{"rendered":"Grupo CCR e SINCOMAM"},"content":{"rendered":"<p><span><span>No dia 09\/10\/2014, o<\/span>\u00a0presidente do\u00a0<strong style=\"color: #0000ff;\"> SINCOMAM, <\/strong><span style=\"color: #000000;\">Alcir da Costa Albernoz,\u00a0<\/span><\/span>visitou a sede do <strong>Grupo CCR,<\/strong> em S\u00e3o Paulo. O presidente do SINCOMAM conheceu as instala\u00e7\u00f5es da empresa e a constru\u00e7\u00e3o da fase 2 da Via\u00a0<span><span>4 \u2013 linha amarela do metr\u00f4 da capital paulista.<br \/><strong>Clique na foto para ampliar:<\/strong><br \/><\/span><\/span><\/p>\n\n\t\t\t<div id='gallery-9154-1' class='gallery gallery-9154'>\n\t\t\t\t<div class='gallery-row gallery-col-3 gallery-clear'>\n\t\t\t\t\t<figure class='gallery-item col-3'>\n\t\t\t\t\t\t<div class='gallery-icon '><a href='https:\/\/www.sincomam.org.br\/index.php\/grupo-ccr-e-sincomam\/visita-1\/'><img decoding=\"async\" width=\"150\" height=\"150\" src=\"https:\/\/www.sincomam.org.br\/wp-content\/uploads\/2014\/11\/Visita-1-150x150.jpg\" class=\"attachment-thumbnail size-thumbnail\" alt=\"\" \/><\/a><\/div>\n\t\t\t\t\t\t<figcaption class='gallery-caption'>(da esquerda para direita) Rog\u00e9rio Pinto da Fonseca \u2013 Gest\u00e3o de Pessoas CCR Barcas, Alcir Albernoz, Presidente do SINCOMAM, Everaldo Fonseca \u2013 Assessor de Diretoria do Grupo CCR, o Supervisor do Grupo CCR e o Luiz Augusto Valen\u00e7a \u2013 Presidente da Via 4 \u2013 linha amarela do metr\u00f4 de S\u00e3o Paulo<\/figcaption>\n\t\t\t\t\t<\/figure>\n\t\t\t\t\t<figure class='gallery-item col-3'>\n\t\t\t\t\t\t<div class='gallery-icon '><a href='https:\/\/www.sincomam.org.br\/index.php\/grupo-ccr-e-sincomam\/visita-2\/'><img decoding=\"async\" width=\"150\" height=\"150\" src=\"https:\/\/www.sincomam.org.br\/wp-content\/uploads\/2014\/11\/Visita-2-150x150.jpg\" class=\"attachment-thumbnail size-thumbnail\" alt=\"\" \/><\/a><\/div>\n\t\t\t\t\t\t<figcaption class='gallery-caption'>Alcir Albernoz com o presidente da Via 4 do metr\u00f4<\/figcaption>\n\t\t\t\t\t<\/figure>\n\t\t\t<\/div>\n\t\t\t<\/div><!-- .gallery -->\n\n","protected":false},"excerpt":{"rendered":"<p>No dia 09\/10\/2014, o\u00a0presidente do\u00a0 SINCOMAM, Alcir da Costa Albernoz,\u00a0visitou a sede do Grupo CCR, em S\u00e3o Paulo. O presidente do SINCOMAM conheceu as instala\u00e7\u00f5es&#8230;<\/p>\n","protected":false},"author":1182,"featured_media":0,"comment_status":"closed","ping_status":"closed","sticky":false,"template":"","format":"standard","meta":{"footnotes":""},"categories":[33,4],"tags":[],"class_list":["post-9154","post","type-post","status-publish","format-standard","hentry","category-fotos-galeria","category-galeria"],"_links":{"self":[{"href":"https:\/\/www.sincomam.org.br\/index.php\/wp-json\/wp\/v2\/posts\/9154","targetHints":{"allow":["GET"]}}],"collection":[{"href":"https:\/\/www.sincomam.org.br\/index.php\/wp-json\/wp\/v2\/posts"}],"about":[{"href":"https:\/\/www.sincomam.org.br\/index.php\/wp-json\/wp\/v2\/types\/post"}],"author":[{"embeddable":true,"href":"https:\/\/www.sincomam.org.br\/index.php\/wp-json\/wp\/v2\/users\/1182"}],"replies":[{"embeddable":true,"href":"https:\/\/www.sincomam.org.br\/index.php\/wp-json\/wp\/v2\/comments?post=9154"}],"version-history":[{"count":1,"href":"https:\/\/www.sincomam.org.br\/index.php\/wp-json\/wp\/v2\/posts\/9154\/revisions"}],"predecessor-version":[{"id":9158,"href":"https:\/\/www.sincomam.org.br\/index.php\/wp-json\/wp\/v2\/posts\/9154\/revisions\/9158"}],"wp:attachment":[{"href":"https:\/\/www.sincomam.org.br\/index.php\/wp-json\/wp\/v2\/media?parent=9154"}],"wp:term":[{"taxonomy":"category","embeddable":true,"href":"https:\/\/www.sincomam.org.br\/index.php\/wp-json\/wp\/v2\/categories?post=9154"},{"taxonomy":"post_tag","embeddable":true,"href":"https:\/\/www.sincomam.org.br\/index.php\/wp-json\/wp\/v2\/tags?post=9154"}],"curies":[{"name":"wp","href":"https:\/\/api.w.org\/{rel}","templated":true}]}}