{"id":9145,"date":"2014-11-19T08:05:16","date_gmt":"2014-11-19T10:05:16","guid":{"rendered":"http:\/\/www.sincomam.org.br\/?p=9145"},"modified":"2014-11-19T12:21:26","modified_gmt":"2014-11-19T14:21:26","slug":"stf-altera-entendimento-sobre-prescricao-para-cobranca-de-fgts","status":"publish","type":"post","link":"https:\/\/www.sincomam.org.br\/index.php\/stf-altera-entendimento-sobre-prescricao-para-cobranca-de-fgts\/","title":{"rendered":"STF altera entendimento sobre prescri\u00e7\u00e3o para cobran\u00e7a de FGTS"},"content":{"rendered":"<div id=\"ecxyui_3_16_0_1_1416308634840_15090\" class=\"\"><span id=\"ecxyui_3_16_0_1_1416308634840_15089\" class=\"\">O Plen\u00e1rio do Supremo Tribunal Federal (STF) declarou a inconstitucionalidade das normas que previam prazo prescricional de 30 anos para a\u00e7\u00f5es relativas a valores n\u00e3o depositados no Fundo de Garantia do Tempo de Servi\u00e7o (FGTS). O entendimento \u00e9 o de que o FGTS est\u00e1 expressamente definido na <a class=\"\" href=\"http:\/\/www.planalto.gov.br\/ccivil_03\/constituicao\/constituicao.htm\" target=\"_blank\"><span class=\"\">Constitui\u00e7\u00e3o da Rep\u00fablica<\/span><\/a> (artigo 7\u00ba, inciso III) como direito dos trabalhadores urbanos e rurais e, portanto, deve se sujeitar \u00e0 prescri\u00e7\u00e3o trabalhista, de cinco anos.<\/span><\/div>\n<div class=\"\"><span class=\"\">\u00a0<\/span><\/div>\n<div id=\"ecxyui_3_16_0_1_1416308634840_15544\" class=\"\"><span id=\"ecxyui_3_16_0_1_1416308634840_15543\" class=\"\">A decis\u00e3o foi tomada na sess\u00e3o plen\u00e1ria do STF de quinta-feira (13), no julgamento do recurso extraordin\u00e1rio com agravo (ARE) 70912, com repercuss\u00e3o geral reconhecida. At\u00e9 ent\u00e3o, o STF adotava a prescri\u00e7\u00e3o trinten\u00e1ria. O novo entendimento se aplicar\u00e1 a todas as a\u00e7\u00f5es que tratam da mesma mat\u00e9ria.<\/span><\/div>\n<div class=\"\"><span class=\"\">\u00a0<\/span><\/div>\n<div id=\"ecxyui_3_16_0_1_1416308634840_15546\" class=\"\"><span id=\"ecxyui_3_16_0_1_1416308634840_15545\" class=\"\">O processo foi levado ao STF pelo Banco do Brasil, condenado pela Justi\u00e7a do Trabalho da 10\u00aa Regi\u00e3o (DF) a recolher o FGTS de uma banc\u00e1ria no per\u00edodo em que ela trabalhou no exterior. O caso chegou ao Tribunal Superior do Trabalho, mas a Oitava Turma n\u00e3o conheceu do recurso do banco por entender que a condena\u00e7\u00e3o estava de acordo com a\u00a0<a class=\"\" href=\"http:\/\/brs02.tst.jus.br\/cgi-bin\/nph-brs?d=BLNK&#038;s1=362&#038;s2=bden.base.&#038;pg1=NUMS&#038;u=http:\/\/www.tst.gov.br\/jurisprudencia\/brs\/nspit\/nspitgen_un_pix.html&#038;p=1&#038;r=1&#038;f=G&#038;l=0\" target=\"_blank\"><span class=\"\">S\u00famula 362<\/span><\/a>\u00a0do TST, que estabelece a prescri\u00e7\u00e3o de 30 anos para o direito de reclamar o n\u00e3o recolhimento da contribui\u00e7\u00e3o para o fundo, observado o prazo de dois anos ap\u00f3s o t\u00e9rmino do contrato de trabalho.<\/span><\/div>\n<div class=\"\"><span class=\"\">\u00a0<\/span><\/div>\n<div class=\"\"><span class=\"\">No recurso ao STF, o BB defendeu a n\u00e3o aplica\u00e7\u00e3o da prescri\u00e7\u00e3o trinten\u00e1ria para a cobran\u00e7a do FGTS, com o fundamento de que o direito deriva do v\u00ednculo de emprego e, portanto, deveria estar sujeito ao prazo prescricional de cinco anos previsto no artigo 7\u00ba, inciso XXIX, da Constitui\u00e7\u00e3o.<\/span><\/div>\n<div class=\"\"><span class=\"\">\u00a0<\/span><\/div>\n<div id=\"ecxyui_3_16_0_1_1416308634840_15548\" class=\"\"><span id=\"ecxyui_3_16_0_1_1416308634840_15547\" class=\"\">O relator do ARE 70912, ministro Gilmar Mendes, assinalou que o artigo 7\u00ba, inciso III, da Constitui\u00e7\u00e3o prev\u00ea expressamente o FGTS como um direito dos trabalhadores urbanos e rurais, e que o inciso XXIX fixa a prescri\u00e7\u00e3o quinquenal para os cr\u00e9ditos resultantes das rela\u00e7\u00f5es de trabalho. Assim, se a Constitui\u00e7\u00e3o regula a mat\u00e9ria, a lei ordin\u00e1ria n\u00e3o poderia tratar o tema de outra forma. \u00a0<\/span><\/div>\n<div class=\"\"><span class=\"\">\u00a0<\/span><\/div>\n<div id=\"ecxyui_3_16_0_1_1416308634840_15550\" class=\"\"><span id=\"ecxyui_3_16_0_1_1416308634840_15551\" class=\"\">De acordo com o ministro, o prazo prescricional de 30 anos do artigo 23 da <a class=\"\" href=\"http:\/\/www.planalto.gov.br\/ccivil_03\/leis\/l8036consol.htm\" target=\"_blank\"><span class=\"\">Lei 8.036\/1990<\/span><\/a> e do artigo 55 do <a class=\"\" href=\"http:\/\/www.planalto.gov.br\/ccivil_03\/decreto\/D99684.htm\" target=\"_blank\"><span class=\"\">Decreto 99.684\/1990<\/span><\/a>, que regulamentam o FGTS est\u00e1 &#8220;em descompasso com a literalidade do texto constitucional e atenta contra a necessidade de certeza e estabilidade nas rela\u00e7\u00f5es jur\u00eddicas&#8221;.<\/span><\/div>\n<div id=\"ecxyui_3_16_0_1_1416308634840_15549\" class=\"\"><span class=\"\">\u00a0<\/span><\/div>\n<div class=\"\"><span class=\"\">Os ministros Rosa Weber e Teori Zavascki votaram pela validade da prescri\u00e7\u00e3o trinten\u00e1ria, e ficaram vencidos.<\/span><\/div>\n<div class=\"\"><span class=\"\">\u00a0<\/span><\/div>\n<div class=\"\"><b class=\"\"><span class=\"\">Modula\u00e7\u00e3o<\/span><\/b><\/div>\n<div class=\"\"><span class=\"\">\u00a0<\/span><\/div>\n<div class=\"\"><span class=\"\">Para os casos cujo termo inicial da prescri\u00e7\u00e3o \u2013 ou seja, a aus\u00eancia de dep\u00f3sito no FGTS \u2013 ocorra ap\u00f3s a data do julgamento, aplica-se, desde logo, o prazo de cinco anos. Para aqueles em que o prazo prescricional j\u00e1 esteja em curso, aplica-se o que ocorrer primeiro: 30 anos, contados do termo inicial, ou cinco anos, a partir do julgamento.<\/p>\n<p><\/span><\/div>\n<div class=\"\"><span class=\"\">Fonte: TST \/ Carmem Feij\u00f3, com informa\u00e7\u00f5es do STF<br \/><span class=\"\">\u00a0<\/span><\/span><\/div>\n","protected":false},"excerpt":{"rendered":"<p>O Plen\u00e1rio do Supremo Tribunal Federal (STF) declarou a inconstitucionalidade das normas que previam prazo prescricional de 30 anos para a\u00e7\u00f5es relativas a valores n\u00e3o&#8230;<\/p>\n","protected":false},"author":1182,"featured_media":3898,"comment_status":"closed","ping_status":"closed","sticky":false,"template":"","format":"standard","meta":{"footnotes":""},"categories":[6],"tags":[],"class_list":["post-9145","post","type-post","status-publish","format-standard","has-post-thumbnail","hentry","category-noticias"],"_links":{"self":[{"href":"https:\/\/www.sincomam.org.br\/index.php\/wp-json\/wp\/v2\/posts\/9145","targetHints":{"allow":["GET"]}}],"collection":[{"href":"https:\/\/www.sincomam.org.br\/index.php\/wp-json\/wp\/v2\/posts"}],"about":[{"href":"https:\/\/www.sincomam.org.br\/index.php\/wp-json\/wp\/v2\/types\/post"}],"author":[{"embeddable":true,"href":"https:\/\/www.sincomam.org.br\/index.php\/wp-json\/wp\/v2\/users\/1182"}],"replies":[{"embeddable":true,"href":"https:\/\/www.sincomam.org.br\/index.php\/wp-json\/wp\/v2\/comments?post=9145"}],"version-history":[{"count":1,"href":"https:\/\/www.sincomam.org.br\/index.php\/wp-json\/wp\/v2\/posts\/9145\/revisions"}],"predecessor-version":[{"id":9146,"href":"https:\/\/www.sincomam.org.br\/index.php\/wp-json\/wp\/v2\/posts\/9145\/revisions\/9146"}],"wp:featuredmedia":[{"embeddable":true,"href":"https:\/\/www.sincomam.org.br\/index.php\/wp-json\/wp\/v2\/media\/3898"}],"wp:attachment":[{"href":"https:\/\/www.sincomam.org.br\/index.php\/wp-json\/wp\/v2\/media?parent=9145"}],"wp:term":[{"taxonomy":"category","embeddable":true,"href":"https:\/\/www.sincomam.org.br\/index.php\/wp-json\/wp\/v2\/categories?post=9145"},{"taxonomy":"post_tag","embeddable":true,"href":"https:\/\/www.sincomam.org.br\/index.php\/wp-json\/wp\/v2\/tags?post=9145"}],"curies":[{"name":"wp","href":"https:\/\/api.w.org\/{rel}","templated":true}]}}