{"id":9137,"date":"2014-11-19T08:32:58","date_gmt":"2014-11-19T10:32:58","guid":{"rendered":"http:\/\/www.sincomam.org.br\/?p=9137"},"modified":"2014-11-19T09:37:14","modified_gmt":"2014-11-19T11:37:14","slug":"graca-diz-que-volta-de-sergio-machado-a-transpetro-depende-do-executivo","status":"publish","type":"post","link":"https:\/\/www.sincomam.org.br\/index.php\/graca-diz-que-volta-de-sergio-machado-a-transpetro-depende-do-executivo\/","title":{"rendered":"Gra\u00e7a diz que volta de S\u00e9rgio Machado \u00e0 Transpetro depende do executivo"},"content":{"rendered":"<p>A presidente da Petrobras, Maria das Gra\u00e7as Foster, afirmou nesta \u00faltima segunda-feira (17) que a volta do presidente licenciado da Transpetro, S\u00e9rgio Machado, \u00e0 empresa ser\u00e1 uma decis\u00e3o a ser tomada pelo pr\u00f3prio executivo.<\/p>\n<p>Machado, que presidiu subsidi\u00e1ria desde 2003, pediu no \u00faltimo dia 3 uma licen\u00e7a n\u00e3o remunerada de 31 dias do cargo. Ele teve seu nome citado em depoimento em regime de dela\u00e7\u00e3o premiada do ex-diretor de Abastecimento da Petrobras Paulo Roberto Costa. Costa disse ter recebido R$ 500 mil de Machado relativos a sua suposta participa\u00e7\u00e3o em esquema de desvio de recursos em contratos de aluguel de embarca\u00e7\u00f5es.<\/p>\n<p>Gra\u00e7a afirmou que, se n\u00e3o houver desdobramentos do caso, a volta ou n\u00e3o de Machado ao final do per\u00edodo de 31 dias, que vence no dia 4 de dezembro, ser\u00e1 decidida por ele mesmo.<\/p>\n<p>&#8220;A decis\u00e3o do S\u00e9rgio Machado [de pedir licen\u00e7a] foi dele. Entendo que ele dever\u00e1 retornar \u00e0 Transpetro [ao final do per\u00edodo]. Se esse processo n\u00e3o estiverem conclu\u00eddos, o S\u00e9rgio Machado tomar\u00e1 as decis\u00f5es que ele achar\u00e1 corretas para a Petrobras&#8221;, disse.<\/p>\n<p><strong>Hist\u00f3rico<\/strong><\/p>\n<p>Nascido no Cear\u00e1, Machado, que ingressou na pol\u00edtica em 1982, chegou \u00e0 Transpetro em 2003, por indica\u00e7\u00e3o do senador Renan Calheiros (PMDB).<\/p>\n<p>Em nota na \u00e9poca em que pediu seu afastamento, Machado disse que tomou a decis\u00e3o &#8220;de forma espont\u00e2nea&#8221;, que n\u00e3o responde a processos no TCU (Tribunal de Contas da Uni\u00e3o) e que n\u00e3o tem contra si qualquer a\u00e7\u00e3o de improbidade &#8220;admitida na Justi\u00e7a&#8221;.<\/p>\n<p>&#8220;Apesar de toda uma vida honrada, tenho sido v\u00edtima de imputa\u00e7\u00f5es caluniosas feitas pelo ex-diretor Paulo Roberto Costa, cujo teor ainda n\u00e3o foi objeto sequer de apura\u00e7\u00e3o pelos \u00f3rg\u00e3os p\u00fablicos&#8221;, afirma.<\/p>\n<p>&nbsp;<\/p>\n<p><strong>Diretoria e licen\u00e7a<\/strong><\/p>\n<p>Na teleconfer\u00eancia de apresenta\u00e7\u00e3o de resultados operacionais do terceiro trimestre desta segunda-feira (17), a presidente da Petrobras disse que a estatal estuda criar uma nova diretoria, para assegurar o &#8220;cumprimento de leis e regulamentos internos e externos&#8221;.<\/p>\n<p>O estudo para a cria\u00e7\u00e3o da nova diretoria foi aprovado na sexta-feira (14), em reuni\u00e3o do conselho de administra\u00e7\u00e3o da companhia. Al\u00e9m disso, a presidente da companhia afirmou que a licen\u00e7a de opera\u00e7\u00e3o de uma unidade da refinaria Abreu e Lima, tamb\u00e9m conhecida como Renest, em constru\u00e7\u00e3o em Ipojuca, Pernambuco, deve sair ainda nesta segunda.<\/p>\n<p>A chamada unidade de Destila\u00e7\u00e3o Atmosf\u00e9rica \u00e9 o que falta para a Petrobras cumprir o prazo de colocar a refinaria Abreu e Lima em opera\u00e7\u00e3o em novembro. Inicialmente, o prazo para a entrada em opera\u00e7\u00e3o era 4 de novembro.<\/p>\n<p><strong>Balan\u00e7o<\/strong><\/p>\n<p>Os an\u00fancios ocorrem ap\u00f3s a Petrobras adiar a divulga\u00e7\u00e3o do balan\u00e7o do terceiro trimestre, na semana passada.<\/p>\n<p>A estatal deveria ter publicada todas as informa\u00e7\u00f5es at\u00e9 a \u00faltima sexta-feira (14), como determina a CVM (Comiss\u00e3o de Valores Mobili\u00e1rios), mas adiou porque a auditoria respons\u00e1vel por assinar suas demonstra\u00e7\u00f5es, a PwC, recusou-se a faz\u00ea-lo, devido a den\u00fancias de corrup\u00e7\u00e3o na estatal.<\/p>\n<p>A PwC est\u00e1 \u00e0 espera de informa\u00e7\u00f5es que permitam avaliar o impacto das den\u00fancias no patrim\u00f4nio da empresa.<\/p>\n<p>Desde mar\u00e7o deste ano, a Petrobras \u00e9 alvo da Opera\u00e7\u00e3o Lavo Jato, da Pol\u00edcia Federal, que investiga o esquema de lavagem e desvios de dinheiro em contratos assinados com empreiteiras, que somam R$ 59 bilh\u00f5es, considerando o per\u00edodo de 2003 a 2014. At\u00e9 agora, 23 executivos, entre eles presidentes de empreiteiras e o ex-diretor da Petrobras Renato Duque, foram presos.<\/p>\n<p>Fonte: Folha de S\u00e3o Paulo\/Lucas Vettorazzo\/Samantha Lima do Rio<\/p>\n","protected":false},"excerpt":{"rendered":"<p>A presidente da Petrobras, Maria das Gra\u00e7as Foster, afirmou nesta \u00faltima segunda-feira (17) que a volta do presidente licenciado da Transpetro, S\u00e9rgio Machado, \u00e0 empresa&#8230;<\/p>\n","protected":false},"author":1182,"featured_media":8459,"comment_status":"closed","ping_status":"closed","sticky":false,"template":"","format":"standard","meta":{"footnotes":""},"categories":[6],"tags":[],"class_list":["post-9137","post","type-post","status-publish","format-standard","has-post-thumbnail","hentry","category-noticias"],"_links":{"self":[{"href":"https:\/\/www.sincomam.org.br\/index.php\/wp-json\/wp\/v2\/posts\/9137","targetHints":{"allow":["GET"]}}],"collection":[{"href":"https:\/\/www.sincomam.org.br\/index.php\/wp-json\/wp\/v2\/posts"}],"about":[{"href":"https:\/\/www.sincomam.org.br\/index.php\/wp-json\/wp\/v2\/types\/post"}],"author":[{"embeddable":true,"href":"https:\/\/www.sincomam.org.br\/index.php\/wp-json\/wp\/v2\/users\/1182"}],"replies":[{"embeddable":true,"href":"https:\/\/www.sincomam.org.br\/index.php\/wp-json\/wp\/v2\/comments?post=9137"}],"version-history":[{"count":1,"href":"https:\/\/www.sincomam.org.br\/index.php\/wp-json\/wp\/v2\/posts\/9137\/revisions"}],"predecessor-version":[{"id":9138,"href":"https:\/\/www.sincomam.org.br\/index.php\/wp-json\/wp\/v2\/posts\/9137\/revisions\/9138"}],"wp:featuredmedia":[{"embeddable":true,"href":"https:\/\/www.sincomam.org.br\/index.php\/wp-json\/wp\/v2\/media\/8459"}],"wp:attachment":[{"href":"https:\/\/www.sincomam.org.br\/index.php\/wp-json\/wp\/v2\/media?parent=9137"}],"wp:term":[{"taxonomy":"category","embeddable":true,"href":"https:\/\/www.sincomam.org.br\/index.php\/wp-json\/wp\/v2\/categories?post=9137"},{"taxonomy":"post_tag","embeddable":true,"href":"https:\/\/www.sincomam.org.br\/index.php\/wp-json\/wp\/v2\/tags?post=9137"}],"curies":[{"name":"wp","href":"https:\/\/api.w.org\/{rel}","templated":true}]}}