{"id":9130,"date":"2014-11-19T08:53:01","date_gmt":"2014-11-19T10:53:01","guid":{"rendered":"http:\/\/www.sincomam.org.br\/?p=9130"},"modified":"2014-11-19T08:59:26","modified_gmt":"2014-11-19T10:59:26","slug":"saiba-quais-cidades-vao-ter-feriado-no-dia-da-consciencia-negra","status":"publish","type":"post","link":"https:\/\/www.sincomam.org.br\/index.php\/saiba-quais-cidades-vao-ter-feriado-no-dia-da-consciencia-negra\/","title":{"rendered":"Saiba quais cidades v\u00e3o ter feriado no Dia da Consci\u00eancia Negra"},"content":{"rendered":"<p><strong><em>Comemorado h\u00e1 mais de 30 anos por ativistas do movimento negro, a data foi inclu\u00edda em 2003 no calend\u00e1rio escolar nacional<\/em><\/strong><\/p>\n<p>O Dia da Consci\u00eancia Negra \u00e9 comemorado em 20 de novembro, data da morte de Zumbi dos Palmares. Ele foi o \u00faltimo l\u00edder do maior dos quilombos do per\u00edodo colonial, o Quilombo dos Palmares.<\/p>\n<p>Comemorado h\u00e1 mais de 30 anos por ativistas do movimento negro, a data foi inclu\u00edda em 2003 no calend\u00e1rio escolar nacional. Contudo, somente a Lei 12.519 de 2011 instituiu oficialmente o Dia Nacional de Zumbi e da Consci\u00eancia Negra.<\/p>\n<p>A data \u00e9 feriado em mais de mil cidades brasileiras. A lista completa de 1.044 cidades brasileiras onde dia 20 de novembro \u00e9 feriado oficial, com a respectiva lei que regulamenta a data, pode ser conferida em levantamento realizado pela Secretaria de Pol\u00edticas de Promo\u00e7\u00e3o da Igualdade Racial (Seppir).<\/p>\n<p><strong>Acre:<\/strong> no Acre, o dia 20 de novembro n\u00e3o \u00e9 feriado oficial em nenhum munic\u00edpio.<\/p>\n<p><strong>Alagoas:<\/strong> de acordo com a Lei Estadual n\u00b0 5.724 de 1995, todos os munic\u00edpios do estado de Alagoas tem feriado no Dia da Consci\u00eancia Negra.<\/p>\n<p><strong>Amazonas:<\/strong> desde 2010, por for\u00e7a de uma lei estadual, o dia 20 de novembro passou a ser considerado feriado em todos os munic\u00edpios do Amazonas. A capital Manaus tamb\u00e9m tem uma lei municipal que decreta 20 de novembro feriado do Dia da Consci\u00eancia Negra.<\/p>\n<p><strong>Amap\u00e1:<\/strong> a Lei Estadual N\u00ba 1169, de 2007, garantiu feriado oficial em 20 de novembro em todas as cidades do estado do Amap\u00e1.<\/p>\n<p><strong>Bahia:<\/strong> apenas tr\u00eas munic\u00edpios baianos t\u00eam o Dia da Consci\u00eancia Negra no calend\u00e1rio oficial de comemora\u00e7\u00f5es: Alagoinhas, Cama\u00e7ari e Serrinha. Em todos eles, o feriado foi determinado por lei municipal.<\/p>\n<p><strong>Cear\u00e1:<\/strong> no estado do Cear\u00e1, o Dia da Consci\u00eancia Negra n\u00e3o \u00e9 feriado em nenhum munic\u00edpio.<\/p>\n<p><strong>Distrito Federal:<\/strong> Distrito Federal n\u00e3o tem feriado para comemorar o Dia da Consci\u00eancia Negra.<\/p>\n<p><strong>Esp\u00edrito Santo:<\/strong> as cidades de Cariacica e Guarapari t\u00eam feriado oficial no dia 20 de novembro, por determina\u00e7\u00e3o de leis municipais.<\/p>\n<p><strong>Goi\u00e1s:<\/strong> quatro cidades goianas celebram oficialmente o Dia da Consci\u00eancia Negra em 20 de novembro: a capital Goi\u00e2nia, Aparecida de Goi\u00e2nia, Flores de Goi\u00e1s e Santa Rita do Araguaia.<\/p>\n<p><strong>Maranh\u00e3o:<\/strong> apenas o munic\u00edpio de Pedreiras ter\u00e1 feriado no dia 20 de novembro, garantido por uma lei municipal de 2008.<\/p>\n<p><strong>Minas Gerais:<\/strong> 11 cidades mineiras t\u00eam feriado do Dia da Consci\u00eancia Negra em 20 de novembro: Al\u00e9m Para\u00edba, Betim, Guarani, Ibi\u00e1, Jacutinga, Juiz De Fora, Montes Claros, Santos Dumont, Sapucai-Mirim e Uberaba. Em Belo Horizonte n\u00e3o haver\u00e1 o feriado.<\/p>\n<p><strong>Mato Grosso do Sul:<\/strong> s\u00f3 a cidade de Corumb\u00e1 tem feriado oficial em 20 de novembro, por for\u00e7a de lei municipal de 2008.<\/p>\n<p><strong>Mato Grosso:<\/strong> uma lei de 2002 determina feriado do Dia da Consci\u00eancia Negra em 20 de novembro em todos os munic\u00edpios do estado.<\/p>\n<p><strong>Para\u00edba:<\/strong> o dia 20 de novembro \u00e9 oficialmente feriado apenas na capital, Jo\u00e3o Pessoa.<\/p>\n<p><strong>Par\u00e1:<\/strong> n\u00e3o \u00e9 feriado em 20 de novembro em nenhuma cidade do estado.<\/p>\n<p><strong>Paran\u00e1:<\/strong> s\u00f3 duas cidades paranaenses, Guarapuava e Londrina, tem feriado oficial no dia 20 de novembro. Nos dois casos, o feriado foi determinado por lei municipal de 2009.<\/p>\n<p><strong>Pernambuco:<\/strong> n\u00e3o \u00e9 feriado em 20 de novembro em nenhuma cidade do estado.<\/p>\n<p><strong>Piau\u00ed:<\/strong> n\u00e3o \u00e9 feriado em 20 de novembro em nenhuma cidade do estado.<\/p>\n<p><strong>Rio de Janeiro:<\/strong> lei estadual de 2002 garante o feriado do Dia da Consci\u00eancia Negra em todos os munic\u00edpios cariocas.<\/p>\n<p><strong>Rio Grande do Norte:<\/strong> n\u00e3o \u00e9 feriado em 20 de novembro em nenhuma cidade do estado.<\/p>\n<p><strong>Rio Grande do Sul:<\/strong> desde 1987, uma lei estadual determina que o dia 20 de novembro seja feriado em todos os munic\u00edpios ga\u00fachos.<\/p>\n<p><strong>Rond\u00f4nia:<\/strong> n\u00e3o \u00e9 feriado em 20 de novembro em nenhuma cidade do estado.<\/p>\n<p><strong>Roraima:<\/strong> n\u00e3o \u00e9 feriado em 20 de novembro em nenhuma cidade do estado.<\/p>\n<p><strong>Santa Catarina:<\/strong> Florian\u00f3polis<\/p>\n<p><strong>S\u00e3o Paulo:<\/strong> n\u00e3o h\u00e1 uma lei estadual que determine o feriado de 20 de novembro no estado. Entretanto, a data est\u00e1 no calend\u00e1rio oficial de 101 cidades por leis municipais, incluindo a capital S\u00e3o Paulo. S\u00e3o eles: Aguai \u00c1guas Da Prata, \u00c1gua De S\u00e3o Pedro, Altin\u00f3polis, Americana, Am\u00e9rico Brasiliense, Amparo, Aparecida, Ara\u00e7atuba, Aracoiaba da Serra, Araraquara, Araras, Atibaia, Bananal, Barretos, Barueri, Bofete, Borborema, Buritama, Cabre\u00fava, Cajeira, Cajobi, Campinas, Campos do Jord\u00e3o, Canas, Capivari, Caraguatatuba, Carapicu\u00edba, Charqueada, Chavantes, Cordeir\u00f3polis, Cruz das Almas, Diadema, Embu, Embu Das Artes, Est\u00e2ncia De Atibaia, Florida Paulista, Franca, Franco Da Rocha, Francisco Morato, Franco da Rocha, Getulina, Guair\u00e1, Guaruj\u00e1, Guarulhos, Hortol\u00e2ndia, Ilhabela, Itanhaem, Itapecerica da Serra, Itapeva, Itapevi, Itarar\u00e9, Itatiba, Itu, Ituverava, Jaguari\u00fana, Jambeiro, Jandira, Jarinu, Ja\u00fa, Jundia\u00ed, Juquitiba, Lajes, Leme, Limeira, Mau\u00e1, Mococa, Ol\u00edmpia, Para\u00edso, Paulo de Faria, Pedreira, Pedro de Toledo, Pereira Barreto, Peru\u00edbe, Piracicaba, Pirapora do Bom Jesus, Porto Feliz, Ribeir\u00e3o Pires, Ribeir\u00e3o Preto, Rinc\u00e3o, Rio Claro, Rio Grande Da Serra, Sales\u00f3polis, Salto, Santa Albertina, Santa Isabel, Santa Rosa de Viterbo, Santo Andr\u00e9, Santos, S\u00e3o Bernardo do Campo, S\u00e3o Caetano do Sul, S\u00e3o Jo\u00e3o Da Boa Vista, S\u00e3o Paulo, S\u00e3o Roque, S\u00e3o Vicente, Sete Barras, Sorocaba, Sumar\u00e9 e Suzano.<\/p>\n<p><strong>Sergipe:<\/strong> n\u00e3o \u00e9 feriado em 20 de novembro em nenhuma cidade do estado.<\/p>\n<p><strong>Tocantins:<\/strong> s\u00f3 o munic\u00edpio de Porto Nacional tem, por lei municipal, feriado no dia 20 de novembro.<\/p>\n<p>Fonte: Zero Hora<\/p>\n","protected":false},"excerpt":{"rendered":"<p>Comemorado h\u00e1 mais de 30 anos por ativistas do movimento negro, a data foi inclu\u00edda em 2003 no calend\u00e1rio escolar nacional O Dia da Consci\u00eancia&#8230;<\/p>\n","protected":false},"author":1182,"featured_media":9131,"comment_status":"closed","ping_status":"closed","sticky":false,"template":"","format":"standard","meta":{"footnotes":""},"categories":[6],"tags":[],"class_list":["post-9130","post","type-post","status-publish","format-standard","has-post-thumbnail","hentry","category-noticias"],"_links":{"self":[{"href":"https:\/\/www.sincomam.org.br\/index.php\/wp-json\/wp\/v2\/posts\/9130","targetHints":{"allow":["GET"]}}],"collection":[{"href":"https:\/\/www.sincomam.org.br\/index.php\/wp-json\/wp\/v2\/posts"}],"about":[{"href":"https:\/\/www.sincomam.org.br\/index.php\/wp-json\/wp\/v2\/types\/post"}],"author":[{"embeddable":true,"href":"https:\/\/www.sincomam.org.br\/index.php\/wp-json\/wp\/v2\/users\/1182"}],"replies":[{"embeddable":true,"href":"https:\/\/www.sincomam.org.br\/index.php\/wp-json\/wp\/v2\/comments?post=9130"}],"version-history":[{"count":1,"href":"https:\/\/www.sincomam.org.br\/index.php\/wp-json\/wp\/v2\/posts\/9130\/revisions"}],"predecessor-version":[{"id":9132,"href":"https:\/\/www.sincomam.org.br\/index.php\/wp-json\/wp\/v2\/posts\/9130\/revisions\/9132"}],"wp:featuredmedia":[{"embeddable":true,"href":"https:\/\/www.sincomam.org.br\/index.php\/wp-json\/wp\/v2\/media\/9131"}],"wp:attachment":[{"href":"https:\/\/www.sincomam.org.br\/index.php\/wp-json\/wp\/v2\/media?parent=9130"}],"wp:term":[{"taxonomy":"category","embeddable":true,"href":"https:\/\/www.sincomam.org.br\/index.php\/wp-json\/wp\/v2\/categories?post=9130"},{"taxonomy":"post_tag","embeddable":true,"href":"https:\/\/www.sincomam.org.br\/index.php\/wp-json\/wp\/v2\/tags?post=9130"}],"curies":[{"name":"wp","href":"https:\/\/api.w.org\/{rel}","templated":true}]}}