{"id":9102,"date":"2014-11-18T08:02:04","date_gmt":"2014-11-18T10:02:04","guid":{"rendered":"http:\/\/www.sincomam.org.br\/?p=9102"},"modified":"2014-11-18T13:03:47","modified_gmt":"2014-11-18T15:03:47","slug":"diretor-da-antaq-faz-palestra-sobre-a-nova-lei-dos-portos-em-encontro-em-sao-paulo","status":"publish","type":"post","link":"https:\/\/www.sincomam.org.br\/index.php\/diretor-da-antaq-faz-palestra-sobre-a-nova-lei-dos-portos-em-encontro-em-sao-paulo\/","title":{"rendered":"Diretor da ANTAQ faz palestra sobre a nova lei dos portos em encontro em S\u00e3o Paulo"},"content":{"rendered":"<p>O diretor da ANTAQ, Fernando Fonseca, participou do 2\u00ba Encontro Nacional Portos: Investimentos e Log\u00edstica, realizado, na \u00faltima sexta-feira (14), em S\u00e3o Paulo (SP). Fonseca palestrou sobre a nova Lei dos portos &#8211; atualidades e perspectivas.<\/p>\n<p>Durante o evento, foram discutidas quest\u00f5es como os entraves que ainda precisam ser superados na implanta\u00e7\u00e3o das mudan\u00e7as trazidas pela nova legisla\u00e7\u00e3o do setor portu\u00e1rio; o novo modelo de arrendamento e o destravamento dos investimentos; o aumento da competitividade log\u00edstica; e as licita\u00e7\u00f5es de novas \u00e1reas dentro dos portos p\u00fablicos.<\/p>\n<p>O diretor da ANTAQ abriu a sequ\u00eancia de palestras do evento, destacando o fortalecimento institucional da Ag\u00eancia. Fonseca lembrou que, com a nova lei, a ANTAQ ganhou a compet\u00eancia de fiscalizar diretamente os operadores portu\u00e1rios, e ressaltou o aumento da efetividade da fiscaliza\u00e7\u00e3o da Ag\u00eancia com a progressiva instala\u00e7\u00e3o dos postos avan\u00e7ados nos portos organizados.<\/p>\n<p>O diretor da ANTAQ tamb\u00e9m falou sobre as formas de explora\u00e7\u00e3o das instala\u00e7\u00f5es portu\u00e1rias, segundo a Lei n\u00ba 12.815\/13, abordando as diretrizes e fundamentos legais do novo marco regulat\u00f3rio.<\/p>\n<p>Fonseca fez ainda um relato sobre as diretrizes do programa de arrendamento, realizado pelo poder concedente, por via da ANTAQ, e detalhou o programa nos seus diversos aspectos, como os crit\u00e9rios de sele\u00e7\u00e3o, condi\u00e7\u00f5es contratuais, blocos de licita\u00e7\u00f5es previstos e renova\u00e7\u00e3o antecipada dos contratos de arrendamento.<\/p>\n<p>Por fim, o diretor da ANTAQ apresentou um demonstrativo das instala\u00e7\u00f5es portu\u00e1rias privadas autorizadas, mencionando os contratos de ades\u00e3o assinados ap\u00f3s a instala\u00e7\u00e3o do novo marco regulat\u00f3rio, bem como os an\u00fancios p\u00fablicos que est\u00e3o em curso para instala\u00e7\u00e3o de novos terminais privados.<\/p>\n<p><strong>O evento<\/strong><\/p>\n<p>Al\u00e9m do diretor da ANTAQ, o evento contou com palestras do secret\u00e1rio de Pol\u00edticas Portu\u00e1rias da Secretaria de Portos, Guilherme Penin; do gerente Setorial do Departamento de Transportes &amp; Log\u00edstica do BNDES, Dalmo Marcheti; do representante da SPA Consult, S\u00e9rgio Aquino; do presidente da Associa\u00e7\u00e3o de Terminais Portu\u00e1rios Privados (ATP), Murillo Barbosa; e do professor dos cursos de p\u00f3s-gradua\u00e7\u00e3o de Direito Administrativo e Direito Econ\u00f4mico da Escola de Direito da Funda\u00e7\u00e3o Get\u00falio Vargas, Lu\u00eds Felipe Valerim Pinheiro, entre outros.<\/p>\n<p>Fonte: Antaq<\/p>\n","protected":false},"excerpt":{"rendered":"<p>O diretor da ANTAQ, Fernando Fonseca, participou do 2\u00ba Encontro Nacional Portos: Investimentos e Log\u00edstica, realizado, na \u00faltima sexta-feira (14), em S\u00e3o Paulo (SP). Fonseca&#8230;<\/p>\n","protected":false},"author":1182,"featured_media":6017,"comment_status":"closed","ping_status":"closed","sticky":false,"template":"","format":"standard","meta":{"footnotes":""},"categories":[6],"tags":[],"class_list":["post-9102","post","type-post","status-publish","format-standard","has-post-thumbnail","hentry","category-noticias"],"_links":{"self":[{"href":"https:\/\/www.sincomam.org.br\/index.php\/wp-json\/wp\/v2\/posts\/9102","targetHints":{"allow":["GET"]}}],"collection":[{"href":"https:\/\/www.sincomam.org.br\/index.php\/wp-json\/wp\/v2\/posts"}],"about":[{"href":"https:\/\/www.sincomam.org.br\/index.php\/wp-json\/wp\/v2\/types\/post"}],"author":[{"embeddable":true,"href":"https:\/\/www.sincomam.org.br\/index.php\/wp-json\/wp\/v2\/users\/1182"}],"replies":[{"embeddable":true,"href":"https:\/\/www.sincomam.org.br\/index.php\/wp-json\/wp\/v2\/comments?post=9102"}],"version-history":[{"count":1,"href":"https:\/\/www.sincomam.org.br\/index.php\/wp-json\/wp\/v2\/posts\/9102\/revisions"}],"predecessor-version":[{"id":9103,"href":"https:\/\/www.sincomam.org.br\/index.php\/wp-json\/wp\/v2\/posts\/9102\/revisions\/9103"}],"wp:featuredmedia":[{"embeddable":true,"href":"https:\/\/www.sincomam.org.br\/index.php\/wp-json\/wp\/v2\/media\/6017"}],"wp:attachment":[{"href":"https:\/\/www.sincomam.org.br\/index.php\/wp-json\/wp\/v2\/media?parent=9102"}],"wp:term":[{"taxonomy":"category","embeddable":true,"href":"https:\/\/www.sincomam.org.br\/index.php\/wp-json\/wp\/v2\/categories?post=9102"},{"taxonomy":"post_tag","embeddable":true,"href":"https:\/\/www.sincomam.org.br\/index.php\/wp-json\/wp\/v2\/tags?post=9102"}],"curies":[{"name":"wp","href":"https:\/\/api.w.org\/{rel}","templated":true}]}}