{"id":9092,"date":"2014-11-17T08:26:00","date_gmt":"2014-11-17T10:26:00","guid":{"rendered":"http:\/\/www.sincomam.org.br\/?p=9092"},"modified":"2014-11-17T00:37:58","modified_gmt":"2014-11-17T02:37:58","slug":"internacional-novo-video-do-estado-islamico-mostra-decapitacao-de-refem-americano","status":"publish","type":"post","link":"https:\/\/www.sincomam.org.br\/index.php\/internacional-novo-video-do-estado-islamico-mostra-decapitacao-de-refem-americano\/","title":{"rendered":"Internacional: novo v\u00eddeo do Estado Isl\u00e2mico mostra decapita\u00e7\u00e3o de ref\u00e9m americano"},"content":{"rendered":"<p><strong><em>Na grava\u00e7\u00e3o de 16 minutos, um jihadista mascarado aparece ao lado de uma cabe\u00e7a decapitada, que seria de Peter Kassig<\/em><\/strong><\/p>\n<p>O presidente Barack Obama confirmou neste domingo a morte do ref\u00e9m americano Peter Kassig nas m\u00e3os do Estados Isl\u00e2mico (EI). Mais cedo, um novo v\u00eddeo mostrou um jihadista segurando a cabe\u00e7a de Kassig, um trabalhador humanit\u00e1rio que havia sido capturado em outubro de 2013 na S\u00edria. Kassig \u00e9 o quinto ref\u00e9m dos EUA e do Reino Unido morto a sangue frio no pa\u00eds, como parte de uma iniciativa de propaganda do grupo extremista.<\/p>\n<p>\u2014 A morte de Kassig \u00e9 um ato de pura maldade \u2014 disse Obama, horas depois de o Conselho Nacional de Seguran\u00e7a afirmar que estava averiguando a autenticidade do filme.<\/p>\n<p>\u201cEstamos chocados com o assassinato brutal de um inocente trabalhador humanit\u00e1rio americano e expressamos nossas mais profundas condol\u00eancias \u00e0 sua fam\u00edlia e amigos\u201d, disse a porta-voz do Conselho, Bernadette Meehan, em comunicado.<\/p>\n<p>Ap\u00f3s a divulga\u00e7\u00e3o da not\u00edcia, os pais de Peter pediram que fotos e v\u00eddeos do americano morto n\u00e3o sejam publicados pela m\u00eddia. Em maio deste ano, Ed e Paula Kassig, de Indiana, haviam gravado uma mensagem em v\u00eddeo pedindo a liberta\u00e7\u00e3o de Peter.<\/p>\n<p>\u00a0\u201cA fam\u00edlia pede respeitosamente que os meios de comunica\u00e7\u00f5es n\u00e3o entrem no jogo dos sequestradores e evitem a publica\u00e7\u00e3o das fotos ou v\u00eddeos divulgados\u201d, afirmaram Ed e Paula Kassig em um comunicado.<\/p>\n<p>No v\u00eddeo de quase 16 minutos, o terrorista de sotaque brit\u00e2nico do EI conhecido como Jihad John, vestido de preto e com o rosto coberto, exibe uma cabe\u00e7a decepada. As imagens, significativamente diferentes das anteriores, mostram ainda uma das cenas mais terr\u00edveis j\u00e1 divulgadas pelo grupo: a decapita\u00e7\u00e3o em massa de pelo menos 15 soldados s\u00edrios.<\/p>\n<p>Embora rumores dissessem que o extremista que conduz a grava\u00e7\u00e3o teria sido atingido em um ataque a\u00e9reo dos EUA recentemente, n\u00e3o h\u00e1 ind\u00edcios de ferimentos nas imagens. Falando para a c\u00e2mera, ele faz um discurso dirigido a Obama, como em v\u00eddeos anteriores.<\/p>\n<p>\u2014 Para Obama, o c\u00e3o de Roma, hoje estamos matando os soldados de Bashar (al-Assad, presidente da S\u00edria), e amanh\u00e3 estaremos sacrificando os seus soldados \u2014 disse o rebelde mascarado. \u2014 E com a permiss\u00e3o de Al\u00e1, o Estado Isl\u00e2mico em breve come\u00e7ar\u00e1 a massacrar o seu povo em suas ruas.<\/p>\n<p>A filmagem foi feita em Dabiq, uma aldeia na prov\u00edncia de Aleppo, a 25 quil\u00f4metros da fronteira com a Turquia. N\u00e3o \u00e9 a \u00fanica diferen\u00e7a entre os v\u00eddeos anteriores. Vestidos com roupas camufladas, os combatentes do EI t\u00eam os rostos descobertos ao exibirem suas facas de ca\u00e7a enquanto levam os prisioneiros s\u00edrios para serem executados. Todos os ref\u00e9ns est\u00e3o com cal\u00e7as e camisas pretas e t\u00eam as m\u00e3os amarradas.<\/p>\n<p><strong>At\u00e9 200 mil soldados<\/strong><\/p>\n<p>Desde agosto, o grupo extremista reivindica a decapita\u00e7\u00e3o de quatro ref\u00e9ns ocidentais. Entre as v\u00edtimas, estavam os jornalistas americanos James Foley e Steven Sotloff, e os trabalhadores humanit\u00e1rios David Haines e Alan Henning.<\/p>\n<p>Os v\u00eddeos, no entanto, eram relativamente curtos, com menos de cinco minutos, em m\u00e9dia, e inclu\u00edam um discurso do ref\u00e9m, em que ele \u00e9 for\u00e7ado a acusar o governo de seu pa\u00eds por supostos crimes contra os mu\u00e7ulmanos. J\u00e1 a morte de Kassig aparece nos dois minutos finais de uma grava\u00e7\u00e3o de 16 minutos, que tra\u00e7a a hist\u00f3ria do Estado Isl\u00e2mico desde as suas origens, com a invas\u00e3o do Iraque por aliados ocidentais em 2003, e comemora promessas recentes de lealdade de combatentes em L\u00edbia, Sinai, Arg\u00e9lia e I\u00eamen, afirmando \u201cque a era da divis\u00e3o entre os jihadistas tinha acabado\u201d.<\/p>\n<p>Neste domingo, Fuad Hussein, chefe de gabinete do presidente da regi\u00e3o aut\u00f4noma curda no Iraque, afirmou que o n\u00famero de combatentes do Estado Isl\u00e2mico pode ser sete ou oito vezes maior que o n\u00famero estimado pela CIA \u2014 de 31.500 homens. Segundo ele, a capacidade do EI para atacar em v\u00e1rias frentes amplamente separadas no Iraque e na S\u00edria ao mesmo tempo indica que o n\u00famero de soldados \u00e9 de pelo menos 200 mil.<\/p>\n<p>Em entrevista exclusiva ao \u201cThe Independent\u201d, Hussein afirmou que \u201celes s\u00e3o capazes de mobilizar jovens \u00e1rabes nos territ\u00f3rios que tomaram\u201d.<\/p>\n<p>Fonte: O Globo \/ com Ag\u00eancias Internacionais<\/p>\n","protected":false},"excerpt":{"rendered":"<p>Na grava\u00e7\u00e3o de 16 minutos, um jihadista mascarado aparece ao lado de uma cabe\u00e7a decapitada, que seria de Peter Kassig O presidente Barack Obama confirmou&#8230;<\/p>\n","protected":false},"author":1182,"featured_media":9093,"comment_status":"closed","ping_status":"closed","sticky":false,"template":"","format":"standard","meta":{"footnotes":""},"categories":[6],"tags":[],"class_list":["post-9092","post","type-post","status-publish","format-standard","has-post-thumbnail","hentry","category-noticias"],"_links":{"self":[{"href":"https:\/\/www.sincomam.org.br\/index.php\/wp-json\/wp\/v2\/posts\/9092","targetHints":{"allow":["GET"]}}],"collection":[{"href":"https:\/\/www.sincomam.org.br\/index.php\/wp-json\/wp\/v2\/posts"}],"about":[{"href":"https:\/\/www.sincomam.org.br\/index.php\/wp-json\/wp\/v2\/types\/post"}],"author":[{"embeddable":true,"href":"https:\/\/www.sincomam.org.br\/index.php\/wp-json\/wp\/v2\/users\/1182"}],"replies":[{"embeddable":true,"href":"https:\/\/www.sincomam.org.br\/index.php\/wp-json\/wp\/v2\/comments?post=9092"}],"version-history":[{"count":1,"href":"https:\/\/www.sincomam.org.br\/index.php\/wp-json\/wp\/v2\/posts\/9092\/revisions"}],"predecessor-version":[{"id":9094,"href":"https:\/\/www.sincomam.org.br\/index.php\/wp-json\/wp\/v2\/posts\/9092\/revisions\/9094"}],"wp:featuredmedia":[{"embeddable":true,"href":"https:\/\/www.sincomam.org.br\/index.php\/wp-json\/wp\/v2\/media\/9093"}],"wp:attachment":[{"href":"https:\/\/www.sincomam.org.br\/index.php\/wp-json\/wp\/v2\/media?parent=9092"}],"wp:term":[{"taxonomy":"category","embeddable":true,"href":"https:\/\/www.sincomam.org.br\/index.php\/wp-json\/wp\/v2\/categories?post=9092"},{"taxonomy":"post_tag","embeddable":true,"href":"https:\/\/www.sincomam.org.br\/index.php\/wp-json\/wp\/v2\/tags?post=9092"}],"curies":[{"name":"wp","href":"https:\/\/api.w.org\/{rel}","templated":true}]}}