{"id":9090,"date":"2014-11-17T08:26:36","date_gmt":"2014-11-17T10:26:36","guid":{"rendered":"http:\/\/www.sincomam.org.br\/?p=9090"},"modified":"2014-11-17T00:24:17","modified_gmt":"2014-11-17T02:24:17","slug":"pelo-menos-22-foram-presos-na-setima-etapa-da-operacao-lava-jato","status":"publish","type":"post","link":"https:\/\/www.sincomam.org.br\/index.php\/pelo-menos-22-foram-presos-na-setima-etapa-da-operacao-lava-jato\/","title":{"rendered":"Pelo menos 22 foram presos na s\u00e9tima etapa da opera\u00e7\u00e3o Lava-Jato"},"content":{"rendered":"<p>Entre o fim da noite de sexta-feira e s\u00e1bado, o vice-presidente da construtora Mendes J\u00fanior, S\u00e9rgio Cunha Mendes, e os dirigentes da Camargo Corr\u00eaa, Dalton dos Santos Avancini e Jo\u00e3o Ricardo Auler, se apresentaram \u00e0 Pol\u00edcia Federal em raz\u00e3o de pris\u00e3o decretada durante a etapa da opera\u00e7\u00e3o Lava-Jato intitulada &#8220;Ju\u00edzo Final&#8221;. S\u00e3o, portanto, 22 os presos at\u00e9 agora.<\/p>\n<p>Os executivos da Camargo Corr\u00eaa apresentaram-se em S\u00e3o Paulo, no fim da manh\u00e3 de hoje. Eles tiveram pris\u00e3o tempor\u00e1ria decretada e n\u00e3o foram localizados pela Pol\u00edcia Federal (PF) ontem.<\/p>\n<p>Os dois foram encaminhados de avi\u00e3o para Curitiba, sede das investiga\u00e7\u00f5es e a\u00e7\u00f5es penais decorrentes dos inqu\u00e9ritos policiais. Avancini \u00e9 diretor-presidente da Camargo Corr\u00eaa Constru\u00e7\u00f5es e Participa\u00e7\u00f5es S\/A. Auler preside o conselho de administra\u00e7\u00e3o da empreiteira.<\/p>\n<p>Eduardo Leite, vice-presidente da Camargo Corr\u00eaa, que se entregou \u00e0 PF no fim da tarde de ontem, cumpre pris\u00e3o preventiva e pode responder ao processo atr\u00e1s das grades. Seus advogados buscam obter habeas corpus no Tribunal Regional Federal (TRF) da 4\u00aa Regi\u00e3o (Sul) para suspender a deten\u00e7\u00e3o cautelar.<\/p>\n<p>Os executivos presos s\u00e3o suspeitos de envolvimento em esquema de pagamento de propinas com recursos supostamente desviados de contratos com a Petrobras.<\/p>\n<p>O vice-presidente construtora Mendes J\u00fanior, S\u00e9rgio Cunha Mendes, se entregou \u00e0 Pol\u00edcia Federal em Curitiba pouco antes da madrugada do s\u00e1bado.<\/p>\n<p>A Justi\u00e7a havia expedido um mandado de pris\u00e3o contra o empres\u00e1rio por conta de seu alegado envolvimento com o esquema de desvios de recursos, lavagem de dinheiro e corrup\u00e7\u00e3o em contratos com a Petrobras.<\/p>\n<p>Mendes estava acompanhado de seu advogado, o criminalista Marcelo Leonardo, de Belo Horizonte. A apresenta\u00e7\u00e3o \u00e0 pol\u00edcia ocorreu por volta das 23h45, segundo a defesa do empres\u00e1rio.<\/p>\n<p>Os policiais estiveram na resid\u00eancia de Mendes em Bras\u00edlia na manh\u00e3 de sexta para cumprir o mandado, mas ele, segundo a construtora disse depois, estava em viagem com a fam\u00edlia.<\/p>\n<p>O advogado S\u00e9rgio Leonardo, da banca de defesa do empres\u00e1rio, afirmou ainda na sexta que seu cliente estava disposto a se apresentar \u00e0 pol\u00edcia. Uma das preocupa\u00e7\u00f5es, no entanto, era evitar que Mendes fosse filmado e fotografado pelas TVs e jornais sendo detido pelos policiais.<\/p>\n<p>No fim da noite de ontem, antes de Mendes se entregar, j\u00e1 haviam sido presos o presidente da Queiroz Galv\u00e3o, Ildefonso Colares Filho;\u00a0 o presidente da OAS, Jos\u00e9 Aldem\u00e1rio Pinheiro Filho; o presidente da UTC, Ricardo Ribeiro Pessoa e o diretor-presidente da \u00e1rea internacional da OAS, Agenor Franklin Magalh\u00e3es Medeiros, entre outros.<\/p>\n<p>A 13\u00aa Vara Criminal da Justi\u00e7a Federal do Paran\u00e1 decretou o bloqueio de R$ 720 milh\u00f5es de 36 pessoas investigadas.<\/p>\n<p>Fonte: Valor online<\/p>\n","protected":false},"excerpt":{"rendered":"<p>Entre o fim da noite de sexta-feira e s\u00e1bado, o vice-presidente da construtora Mendes J\u00fanior, S\u00e9rgio Cunha Mendes, e os dirigentes da Camargo Corr\u00eaa, Dalton&#8230;<\/p>\n","protected":false},"author":1182,"featured_media":0,"comment_status":"closed","ping_status":"closed","sticky":false,"template":"","format":"standard","meta":{"footnotes":""},"categories":[6],"tags":[],"class_list":["post-9090","post","type-post","status-publish","format-standard","hentry","category-noticias"],"_links":{"self":[{"href":"https:\/\/www.sincomam.org.br\/index.php\/wp-json\/wp\/v2\/posts\/9090","targetHints":{"allow":["GET"]}}],"collection":[{"href":"https:\/\/www.sincomam.org.br\/index.php\/wp-json\/wp\/v2\/posts"}],"about":[{"href":"https:\/\/www.sincomam.org.br\/index.php\/wp-json\/wp\/v2\/types\/post"}],"author":[{"embeddable":true,"href":"https:\/\/www.sincomam.org.br\/index.php\/wp-json\/wp\/v2\/users\/1182"}],"replies":[{"embeddable":true,"href":"https:\/\/www.sincomam.org.br\/index.php\/wp-json\/wp\/v2\/comments?post=9090"}],"version-history":[{"count":1,"href":"https:\/\/www.sincomam.org.br\/index.php\/wp-json\/wp\/v2\/posts\/9090\/revisions"}],"predecessor-version":[{"id":9091,"href":"https:\/\/www.sincomam.org.br\/index.php\/wp-json\/wp\/v2\/posts\/9090\/revisions\/9091"}],"wp:attachment":[{"href":"https:\/\/www.sincomam.org.br\/index.php\/wp-json\/wp\/v2\/media?parent=9090"}],"wp:term":[{"taxonomy":"category","embeddable":true,"href":"https:\/\/www.sincomam.org.br\/index.php\/wp-json\/wp\/v2\/categories?post=9090"},{"taxonomy":"post_tag","embeddable":true,"href":"https:\/\/www.sincomam.org.br\/index.php\/wp-json\/wp\/v2\/tags?post=9090"}],"curies":[{"name":"wp","href":"https:\/\/api.w.org\/{rel}","templated":true}]}}