{"id":9087,"date":"2014-11-17T08:13:16","date_gmt":"2014-11-17T10:13:16","guid":{"rendered":"http:\/\/www.sincomam.org.br\/?p=9087"},"modified":"2015-03-16T15:36:46","modified_gmt":"2015-03-16T18:36:46","slug":"tecon-salvador-faz-embarque-teste-de-banana-prata-de-mg-para-exportacao","status":"publish","type":"post","link":"https:\/\/www.sincomam.org.br\/index.php\/tecon-salvador-faz-embarque-teste-de-banana-prata-de-mg-para-exportacao\/","title":{"rendered":"Tecon Salvador faz embarque-teste de banana-prata de MG para exporta\u00e7\u00e3o"},"content":{"rendered":"<p align=\"center\" style=\"text-align: left;\"><strong><em>Projeto visa estabelecer um protocolo de exporta\u00e7\u00e3o para a fruta e, assim, alcan\u00e7ar o mercado internacional<\/p>\n<p><\/em><\/strong>O Terminal de Cont\u00eaineres de Salvador participa de um projeto in\u00e9dito, iniciado em outubro, que envolve o primeiro embarque teste de banana-prata para exporta\u00e7\u00e3o da Regi\u00e3o do Ja\u00edba, no norte de Minas Gerais (MG). O transporte adequado da carga, que desembarcou na semana passada em Lisboa (Portugal), \u00e9 um dos principais desafios para que a fruta alcance o mercado europeu em condi\u00e7\u00f5es de ser comercializada.<strong><em><br \/><\/em><\/strong><\/p>\n<p><span>De acordo com a diretora comercial do Tecon Salvador, Patr\u00edcia Iglesias, os embarques de banana podem se tornar mais frequentes, j\u00e1 que o terminal tem ampla experi\u00eancia com a movimenta\u00e7\u00e3o de frutas em cont\u00eaineres refrigerados, como o caso da exporta\u00e7\u00e3o de manga e uva do Vale do Rio S\u00e3o Francisco, e do lim\u00e3o da regi\u00e3o norte de MG e do interior da Bahia.<\/span><\/p>\n<p><span>A assessoria de imprensa informou, em nota, que \u00a0o embarque do cont\u00eainer, contendo 5,7 toneladas de banana-prata, foi monitorado pela Abanorte\u00a0(Associa\u00e7\u00e3o Central dos Fruticultores do Norte de Minas). Antes, no entanto, a carga passou por um per\u00edodo de pr\u00e9-teste, no qual ficou refrigerada em cont\u00eainer por um m\u00eas na regi\u00e3o produtora, simulando as condi\u00e7\u00f5es que seriam enfrentadas no transporte por terra e mar at\u00e9 a Europa.<\/span><\/p>\n<p><span>Desde o ano 2000, Abanorte\u00a0 coordena os esfor\u00e7os dos produtores mineiros para estabelecer um protocolo de exporta\u00e7\u00e3o para a carga, com objetivo de estender a vida verde da fruta e, assim, alcan\u00e7ar o mercado internacional. \u201cApoiar projetos inovadores como o da Abanorte refor\u00e7a nosso acompanhamento do mercado, al\u00e9m de manter a regularidade na movimenta\u00e7\u00e3o de carga refrigerada destinada ao mercado internacional\u201d, afirma Iglesias.<\/span><\/p>\n<p><span>A chegada do container refrigerado em Portugal na \u00faltima semana foi acompanhada por uma equipe composta por parceiros envolvidos no projeto; por um representante dos produtores de Ja\u00edba e por profissionais de log\u00edstica e climatiza\u00e7\u00e3o, que avaliam tecnicamente a integridade e qualidade da carga. Tamb\u00e9m ser\u00e1 fundamental o acompanhamento da aceita\u00e7\u00e3o do consumidor, posteriormente, nas redes de supermercado portuguesas.<\/span><\/p>\n<p><span>\u201cVencidos os desafios t\u00e9cnicos, acreditamos que h\u00e1 demanda no mercado internacional para essa variedade de banana. Existem hoje cerca de doze mil hectares de bananas-prata em cultivo na regi\u00e3o do Ja\u00edba que podem ser comercializadas\u201d, conta Ivanete\u00a0Pereira, \u200bgerente de relacionamento da Abanorte. Segundo ela, ap\u00f3s o embarque-teste, o pr\u00f3ximo passo \u00e9 definir a tecnologia de conserva\u00e7\u00e3o da vida verde da fruta e partir para a etapa comercial com futuros clientes na Europa.\u00a0<\/span><\/p>\n<p><span>O desenvolvimento desta a\u00e7\u00e3o, atrav\u00e9s do Programa de Apoio \u00e0 Competitividade dos Arranjos Produtivos Locais (APL) de Fruticultura da Regi\u00e3o do Ja\u00edba, contou com a participa\u00e7\u00e3o do Governo de Minas Gerais, FIEMG e SEBRAE Minas contribuindo de forma efetiva para os resultados favor\u00e1veis que vir\u00e3o a ser colhidos ap\u00f3s o desenvolvimento dessa tecnologia.<\/span><\/p>\n<p><span>\u201cO projeto trar\u00e1 um novo cen\u00e1rio para a produ\u00e7\u00e3o da regi\u00e3o do Ja\u00edba, que tem todo o potencial para fazer parte do mercado mundial de frutas. E o Tecon Salvador oferece condi\u00e7\u00f5es para viabilizar embarques regulares como esse de banana-prata\u201d, diz Iglesias. <\/p>\n<p>O porto de Salvador \u00e9 o mais pr\u00f3ximo da regi\u00e3o norte de Minas Gerais, localizado a aproximadamente 1.000 quil\u00f4metros de Ja\u00edba.<\/span><\/p>\n<p>Fonte: Assessoria de imprensa Tecon Salvador \/ SINCOMAM<\/p>\n<p align=\"center\" style=\"text-align: left;\"><strong><em>\u00a0<\/em><\/strong><\/p>\n","protected":false},"excerpt":{"rendered":"<p>Projeto visa estabelecer um protocolo de exporta\u00e7\u00e3o para a fruta e, assim, alcan\u00e7ar o mercado internacional O Terminal de Cont\u00eaineres de Salvador participa de um&#8230;<\/p>\n","protected":false},"author":1182,"featured_media":9088,"comment_status":"closed","ping_status":"closed","sticky":false,"template":"","format":"standard","meta":{"footnotes":""},"categories":[6],"tags":[],"class_list":["post-9087","post","type-post","status-publish","format-standard","has-post-thumbnail","hentry","category-noticias"],"_links":{"self":[{"href":"https:\/\/www.sincomam.org.br\/index.php\/wp-json\/wp\/v2\/posts\/9087","targetHints":{"allow":["GET"]}}],"collection":[{"href":"https:\/\/www.sincomam.org.br\/index.php\/wp-json\/wp\/v2\/posts"}],"about":[{"href":"https:\/\/www.sincomam.org.br\/index.php\/wp-json\/wp\/v2\/types\/post"}],"author":[{"embeddable":true,"href":"https:\/\/www.sincomam.org.br\/index.php\/wp-json\/wp\/v2\/users\/1182"}],"replies":[{"embeddable":true,"href":"https:\/\/www.sincomam.org.br\/index.php\/wp-json\/wp\/v2\/comments?post=9087"}],"version-history":[{"count":3,"href":"https:\/\/www.sincomam.org.br\/index.php\/wp-json\/wp\/v2\/posts\/9087\/revisions"}],"predecessor-version":[{"id":11153,"href":"https:\/\/www.sincomam.org.br\/index.php\/wp-json\/wp\/v2\/posts\/9087\/revisions\/11153"}],"wp:featuredmedia":[{"embeddable":true,"href":"https:\/\/www.sincomam.org.br\/index.php\/wp-json\/wp\/v2\/media\/9088"}],"wp:attachment":[{"href":"https:\/\/www.sincomam.org.br\/index.php\/wp-json\/wp\/v2\/media?parent=9087"}],"wp:term":[{"taxonomy":"category","embeddable":true,"href":"https:\/\/www.sincomam.org.br\/index.php\/wp-json\/wp\/v2\/categories?post=9087"},{"taxonomy":"post_tag","embeddable":true,"href":"https:\/\/www.sincomam.org.br\/index.php\/wp-json\/wp\/v2\/tags?post=9087"}],"curies":[{"name":"wp","href":"https:\/\/api.w.org\/{rel}","templated":true}]}}