{"id":9078,"date":"2014-11-17T08:00:07","date_gmt":"2014-11-17T10:00:07","guid":{"rendered":"http:\/\/www.sincomam.org.br\/?p=9078"},"modified":"2014-11-16T23:46:09","modified_gmt":"2014-11-17T01:46:09","slug":"dilma-defende-maior-cooperacao-entre-o-grupo-do-brics-para-superar-crise","status":"publish","type":"post","link":"https:\/\/www.sincomam.org.br\/index.php\/dilma-defende-maior-cooperacao-entre-o-grupo-do-brics-para-superar-crise\/","title":{"rendered":"Dilma defende maior coopera\u00e7\u00e3o entre o grupo do Brics para superar crise"},"content":{"rendered":"<p><em><strong>Presidenta Dilma Rousseff posa para foto com l\u00edderes mundiais na C\u00fapula do G20<\/strong><\/em><\/p>\n<p>A presidenta Dilma Rousseff defendeu, na noite da \u00faltima sexta-feira (14), que os pa\u00edses que integram o grupo do Brics &#8211; Brasil, R\u00fassia, \u00cdndia, China e \u00c1frica do Sul &#8211; reforcem a coopera\u00e7\u00e3o para superar as atuais dificuldades econ\u00f4micas mundiais. Durante reuni\u00e3o com os chefes de Estado do Brics, a presidente destacou que o quadro econ\u00f4mico mundial n\u00e3o melhorou conforme o ritmo previsto durante o \u00faltimo encontro do grupo, em Fortaleza (CE).<\/p>\n<p>\u201cInfelizmente, a situa\u00e7\u00e3o da economia mundial n\u00e3o avan\u00e7ou muito desde julho. Chegamos ao final de 2014 vendo frustradas nossas expectativas iniciais de recupera\u00e7\u00e3o da economia mundial\u201d, declarou Dilma. \u201cOs pa\u00edses avan\u00e7ados n\u00e3o conseguiram uma recupera\u00e7\u00e3o consistente e o com\u00e9rcio internacional n\u00e3o cresce o suficiente para estimular os pa\u00edses emergentes. Pelo contr\u00e1rio. Estamos assistindo a uma queda do pre\u00e7o das commodities que sinaliza o enfraquecimento da economia internacional e vai comprometer a renda e o crescimento de alguns [pa\u00edses] emergentes\u201d, completou a presidenta.<\/p>\n<p>De acordo com Dilma, a queda no pre\u00e7o dascommodities &#8211; produtos prim\u00e1rios com cota\u00e7\u00e3o internacional &#8211; reflete \u201cuma reacomoda\u00e7\u00e3o da economia mundial\u201d \u00e0s perspectivas de futura alta do d\u00f3lar americano.<\/p>\n<p>Defendendo a import\u00e2ncia dos pa\u00edses avan\u00e7ados recomporem sua demanda interna aos n\u00edveis anteriores ao in\u00edcio da atual crise econ\u00f4mica mundial, \u201cem vez de tentarem resolver seus problemas ampliando suas exporta\u00e7\u00f5es\u201d, a presidenta destacou a import\u00e2ncia da aprova\u00e7\u00e3o de cria\u00e7\u00e3o do Banco de Desenvolvimento do Brics e do Acordo Contingente de Reservas. \u201cFundamentais para potencializar nossa atua\u00e7\u00e3o econ\u00f4mica e financeira\u201d, acrescentou.<\/p>\n<p>O encontro entre os chefes de Estado dos cinco pa\u00edses que comp\u00f5em o Brics aconteceu pouco antes do in\u00edcio da 9\u00aa C\u00fapula do G20, grupo que re\u00fane as maiores economias do mundo e a Uni\u00e3o Europeia. A c\u00fapula acontece em Brisbane, Austr\u00e1lia, onde a diferen\u00e7a em rela\u00e7\u00e3o ao hor\u00e1rio de Bras\u00edlia s\u00e3o 12 horas a mais.<\/p>\n<p>Os pa\u00edses do G20 representam cerca de 85% do PIB mundial, 75% do com\u00e9rcio internacional e 60% da popula\u00e7\u00e3o do planeta. Al\u00e9m da infraestrutura, a regula\u00e7\u00e3o financeira e a troca autom\u00e1tica de informa\u00e7\u00f5es tribut\u00e1rias s\u00e3o temas que foram debatidos ao longo do ano em diversas reuni\u00f5es e que ter\u00e3o seu desfecho nesta c\u00fapula. Um dos t\u00f3picos deve tratar da melhoria da capacidade dos grandes bancos de absorver perdas caso tenham problemas e fiquem \u00e0 beira da fal\u00eancia.<\/p>\n<p>Fonte: Jornal do Commercio (POA)\/Ag\u00eancia Brasil<br \/>Foto:\u00a0Roberto Stuckert Filho\/PR<\/p>\n","protected":false},"excerpt":{"rendered":"<p>Presidenta Dilma Rousseff posa para foto com l\u00edderes mundiais na C\u00fapula do G20 A presidenta Dilma Rousseff defendeu, na noite da \u00faltima sexta-feira (14), que&#8230;<\/p>\n","protected":false},"author":1182,"featured_media":9079,"comment_status":"closed","ping_status":"closed","sticky":false,"template":"","format":"standard","meta":{"footnotes":""},"categories":[6],"tags":[],"class_list":["post-9078","post","type-post","status-publish","format-standard","has-post-thumbnail","hentry","category-noticias"],"_links":{"self":[{"href":"https:\/\/www.sincomam.org.br\/index.php\/wp-json\/wp\/v2\/posts\/9078","targetHints":{"allow":["GET"]}}],"collection":[{"href":"https:\/\/www.sincomam.org.br\/index.php\/wp-json\/wp\/v2\/posts"}],"about":[{"href":"https:\/\/www.sincomam.org.br\/index.php\/wp-json\/wp\/v2\/types\/post"}],"author":[{"embeddable":true,"href":"https:\/\/www.sincomam.org.br\/index.php\/wp-json\/wp\/v2\/users\/1182"}],"replies":[{"embeddable":true,"href":"https:\/\/www.sincomam.org.br\/index.php\/wp-json\/wp\/v2\/comments?post=9078"}],"version-history":[{"count":1,"href":"https:\/\/www.sincomam.org.br\/index.php\/wp-json\/wp\/v2\/posts\/9078\/revisions"}],"predecessor-version":[{"id":9080,"href":"https:\/\/www.sincomam.org.br\/index.php\/wp-json\/wp\/v2\/posts\/9078\/revisions\/9080"}],"wp:featuredmedia":[{"embeddable":true,"href":"https:\/\/www.sincomam.org.br\/index.php\/wp-json\/wp\/v2\/media\/9079"}],"wp:attachment":[{"href":"https:\/\/www.sincomam.org.br\/index.php\/wp-json\/wp\/v2\/media?parent=9078"}],"wp:term":[{"taxonomy":"category","embeddable":true,"href":"https:\/\/www.sincomam.org.br\/index.php\/wp-json\/wp\/v2\/categories?post=9078"},{"taxonomy":"post_tag","embeddable":true,"href":"https:\/\/www.sincomam.org.br\/index.php\/wp-json\/wp\/v2\/tags?post=9078"}],"curies":[{"name":"wp","href":"https:\/\/api.w.org\/{rel}","templated":true}]}}