{"id":9063,"date":"2014-11-14T08:29:37","date_gmt":"2014-11-14T10:29:37","guid":{"rendered":"http:\/\/www.sincomam.org.br\/?p=9063"},"modified":"2014-11-13T11:33:37","modified_gmt":"2014-11-13T13:33:37","slug":"sep-lanca-edital-para-dragagem-do-porto-de-rio-grande-rs","status":"publish","type":"post","link":"https:\/\/www.sincomam.org.br\/index.php\/sep-lanca-edital-para-dragagem-do-porto-de-rio-grande-rs\/","title":{"rendered":"SEP lan\u00e7a edital para dragagem do Porto de Rio Grande (RS)"},"content":{"rendered":"<p>A Secretaria de Portos da Presid\u00eancia da Rep\u00fablica publicou ontem, quarta-feira, 12 de novembro, o edital de licita\u00e7\u00e3o para contrata\u00e7\u00e3o das obras de dragagem no Porto de Rio Grande (RS).<\/p>\n<p>A licita\u00e7\u00e3o ser\u00e1 feita pelo Regime Diferenciado de Contrata\u00e7\u00f5es P\u00fablicas &#8211; RDC, na forma eletr\u00f4nica e por meio de contrata\u00e7\u00e3o integrada, observadas as disposi\u00e7\u00f5es da Lei n\u00ba 12.462\/2011. O objeto do certame compreende a elabora\u00e7\u00e3o dos projetos b\u00e1sico e executivo, bem como a execu\u00e7\u00e3o das obras de dragagem por resultado para readequa\u00e7\u00e3o da geometria do canal de acesso ao Porto e demais servi\u00e7os necess\u00e1rios para a entrega das obras.<\/p>\n<p>O Edital est\u00e1 dispon\u00edvel nos s\u00edtios www.portosdobrasil.gov.br e www.comprasgovernamentais.gov.br ou, ainda, diretamente na sede da SEP\/PR, localizada no SCN, Quadra 04, Bloco B, Centro Empresarial VARIG, P\u00e9tala \u201cD\u201d, Sala 1.102 &#8211; Bras\u00edlia &#8211; DF, de 2\u00aa a 6\u00aa feira (dias \u00fateis), no hor\u00e1rio comercial. As propostas dever\u00e3o ser apresentadas at\u00e9 \u00e0s 10h do dia 05\/12\/2014, no endere\u00e7o eletr\u00f4nico www.comprasgovernamentais.gov.br<\/p>\n<p>Mais informa\u00e7\u00f5es sobre o Edital poder\u00e3o ser obtidas pelo endere\u00e7o eletr\u00f4nico licitacao.engenharia@portosdobrasil.gov.br ou pelo telefone (61) 3411-3788.<\/p>\n<p>As obras fazem parte da segunda fase do Plano Nacional de Dragagem &#8211; PND-II, institu\u00eddo pelo novo marco regulat\u00f3rio do setor. O PND-II, lan\u00e7ado em 2012 pela presidenta Dilma Rousseff, integra o Programa de Investimento em Log\u00edstica \u2013 Portos.<\/p>\n<p>Clique e acesse o edital do RDC Eletr\u00f4nico SEP\/PR N\u00ba 06\/2014<\/p>\n<p>Fonte: SEP<\/p>\n","protected":false},"excerpt":{"rendered":"<p>A Secretaria de Portos da Presid\u00eancia da Rep\u00fablica publicou ontem, quarta-feira, 12 de novembro, o edital de licita\u00e7\u00e3o para contrata\u00e7\u00e3o das obras de dragagem no&#8230;<\/p>\n","protected":false},"author":1182,"featured_media":0,"comment_status":"closed","ping_status":"closed","sticky":false,"template":"","format":"standard","meta":{"footnotes":""},"categories":[6],"tags":[],"class_list":["post-9063","post","type-post","status-publish","format-standard","hentry","category-noticias"],"_links":{"self":[{"href":"https:\/\/www.sincomam.org.br\/index.php\/wp-json\/wp\/v2\/posts\/9063","targetHints":{"allow":["GET"]}}],"collection":[{"href":"https:\/\/www.sincomam.org.br\/index.php\/wp-json\/wp\/v2\/posts"}],"about":[{"href":"https:\/\/www.sincomam.org.br\/index.php\/wp-json\/wp\/v2\/types\/post"}],"author":[{"embeddable":true,"href":"https:\/\/www.sincomam.org.br\/index.php\/wp-json\/wp\/v2\/users\/1182"}],"replies":[{"embeddable":true,"href":"https:\/\/www.sincomam.org.br\/index.php\/wp-json\/wp\/v2\/comments?post=9063"}],"version-history":[{"count":1,"href":"https:\/\/www.sincomam.org.br\/index.php\/wp-json\/wp\/v2\/posts\/9063\/revisions"}],"predecessor-version":[{"id":9064,"href":"https:\/\/www.sincomam.org.br\/index.php\/wp-json\/wp\/v2\/posts\/9063\/revisions\/9064"}],"wp:attachment":[{"href":"https:\/\/www.sincomam.org.br\/index.php\/wp-json\/wp\/v2\/media?parent=9063"}],"wp:term":[{"taxonomy":"category","embeddable":true,"href":"https:\/\/www.sincomam.org.br\/index.php\/wp-json\/wp\/v2\/categories?post=9063"},{"taxonomy":"post_tag","embeddable":true,"href":"https:\/\/www.sincomam.org.br\/index.php\/wp-json\/wp\/v2\/tags?post=9063"}],"curies":[{"name":"wp","href":"https:\/\/api.w.org\/{rel}","templated":true}]}}