{"id":9036,"date":"2014-11-13T08:33:39","date_gmt":"2014-11-13T10:33:39","guid":{"rendered":"http:\/\/www.sincomam.org.br\/?p=9036"},"modified":"2014-11-12T20:35:01","modified_gmt":"2014-11-12T22:35:01","slug":"antaq-realiza-audiencia-presencial-de-norma-sobre-prestacao-de-servico-portuario-e-utilizacao-excepcional-de-areas-portuarias","status":"publish","type":"post","link":"https:\/\/www.sincomam.org.br\/index.php\/antaq-realiza-audiencia-presencial-de-norma-sobre-prestacao-de-servico-portuario-e-utilizacao-excepcional-de-areas-portuarias\/","title":{"rendered":"Antaq realiza audi\u00eancia presencial de norma sobre presta\u00e7\u00e3o de servi\u00e7o portu\u00e1rio e utiliza\u00e7\u00e3o excepcional de \u00e1reas portu\u00e1rias"},"content":{"rendered":"<p>A Antaq realizou, nesta ter\u00e7a-feira (11), no audit\u00f3rio da Ag\u00eancia, em Bras\u00edlia, audi\u00eancia p\u00fablica presencial visando obter subs\u00eddios e informa\u00e7\u00f5es adicionais para o aprimoramento do ato normativo aprovado pela Resolu\u00e7\u00e3o n\u00ba 3.707-ANTAQ, que objetiva aprovar proposta de norma que regula a presta\u00e7\u00e3o de servi\u00e7o portu\u00e1rio em bases n\u00e3o discriminat\u00f3rias e a utiliza\u00e7\u00e3o excepcional de \u00e1reas e instala\u00e7\u00f5es portu\u00e1rias concedidas, arrendadas ou autorizadas.<\/p>\n<p>Mais uma vez, o audit\u00f3rio da ANTAQ lotou, registrando-se nesta audi\u00eancia a presen\u00e7a de mais de cinquenta representantes de empresas, consultorias e associa\u00e7\u00f5es do setor, como Usuport, Centronave, Associa\u00e7\u00e3o Brasileira de Terminais e Recintos Alfandegados (ABTRA), Associa\u00e7\u00e3o Brasileira de Terminais Portu\u00e1rios (ABTP), Comiss\u00e3o Portos, Grupo Libra, Associa\u00e7\u00e3o Brasileira dos Terminais de Cont\u00eaineres de Uso P\u00fablico (Abratec), Embraport, Bunge e Sindicom.<\/p>\n<p>A audi\u00eancia presencial \u00e9 uma oportunidade para os interessados fomentarem a discuss\u00e3o e esclarecerem eventuais d\u00favidas sobre o ato normativo em an\u00e1lise.<\/p>\n<p>A reuni\u00e3o foi aberta pelos diretores M\u00e1rio Povia (diretor-geral), Adalberto Tokarski e Fernando Fonseca, e foi presidida pelo superintendente de Regula\u00e7\u00e3o da Ag\u00eancia, Arthur Yamamoto. A mesa de trabalhos tamb\u00e9m contou com a participa\u00e7\u00e3o da analista da Secretaria-Geral da autarquia, Aline Andrade, do gerente de Regula\u00e7\u00e3o Portu\u00e1ria, Luiz Scarduelli, e do procurador federal na ANTAQ, Jos\u00e9 Galdino.<\/p>\n<p>Ao abrir a audi\u00eancia, o diretor-geral da Antaq, M\u00e1rio Povia, observou que a elabora\u00e7\u00e3o da norma em consulta p\u00fablica adv\u00eam de expressa determina\u00e7\u00e3o legal, contida na Lei n\u00ba 2.815\/2013 e no Decreto n\u00ba 8.033\/2013, e destacou a preocupa\u00e7\u00e3o da Ag\u00eancia em fazer uma regula\u00e7\u00e3o o menos invasiva poss\u00edvel.<\/p>\n<p>\u201cA nossa ideia \u00e9 que a quest\u00e3o de acesso, tanto a terminais arrendados quanto a instala\u00e7\u00f5es portu\u00e1rias privadas, ocorra dentro de um contexto de ociosidade, de uma forma marginal, nos casos dos terminais verticalizados, e nos casos de terminais de prestadores de servi\u00e7o, como uma decorr\u00eancia natural do pr\u00f3prio neg\u00f3cio do empreendimento, cabendo \u00e0 Ag\u00eancia se manifestar nos casos em que efetivamente ocorra alguma esp\u00e9cie de conflito\u201d, afirmou.<\/p>\n<p>Envio das contribui\u00e7\u00f5es<\/p>\n<p>A minuta do ato normativo desta audi\u00eancia est\u00e1 dispon\u00edvel no portal da Ag\u00eancia (www.antaq.gov.br), na internet. As contribui\u00e7\u00f5es poder\u00e3o ser dirigidas \u00e0 Antaq at\u00e9 \u00e0s 18h do dia 21\/11\/2014 exclusivamente por meio de formul\u00e1rio eletr\u00f4nico, tamb\u00e9m dispon\u00edvel no s\u00edtio da Ag\u00eancia, no link \u201cAudi\u00eancias P\u00fablicas\u201d.<\/p>\n<p>Ser\u00e3o aceitas apenas as contribui\u00e7\u00f5es enviadas por meio do citado formul\u00e1rio eletr\u00f4nico. Caso o interessado n\u00e3o tenha os recursos necess\u00e1rios para o envio da contribui\u00e7\u00e3o, poder\u00e1 realizar a sua contribui\u00e7\u00e3o utilizando computador da Secretaria-Geral da Antaq, no caso de Bras\u00edlia, ou das Unidades Administrativas Regionais da ANTAQ, cujos endere\u00e7os est\u00e3o dispon\u00edveis no s\u00edtio da Ag\u00eancia.<\/p>\n<p>Fonte: Antaq<\/p>\n","protected":false},"excerpt":{"rendered":"<p>A Antaq realizou, nesta ter\u00e7a-feira (11), no audit\u00f3rio da Ag\u00eancia, em Bras\u00edlia, audi\u00eancia p\u00fablica presencial visando obter subs\u00eddios e informa\u00e7\u00f5es adicionais para o aprimoramento do&#8230;<\/p>\n","protected":false},"author":1182,"featured_media":8125,"comment_status":"closed","ping_status":"closed","sticky":false,"template":"","format":"standard","meta":{"footnotes":""},"categories":[6],"tags":[],"class_list":["post-9036","post","type-post","status-publish","format-standard","has-post-thumbnail","hentry","category-noticias"],"_links":{"self":[{"href":"https:\/\/www.sincomam.org.br\/index.php\/wp-json\/wp\/v2\/posts\/9036","targetHints":{"allow":["GET"]}}],"collection":[{"href":"https:\/\/www.sincomam.org.br\/index.php\/wp-json\/wp\/v2\/posts"}],"about":[{"href":"https:\/\/www.sincomam.org.br\/index.php\/wp-json\/wp\/v2\/types\/post"}],"author":[{"embeddable":true,"href":"https:\/\/www.sincomam.org.br\/index.php\/wp-json\/wp\/v2\/users\/1182"}],"replies":[{"embeddable":true,"href":"https:\/\/www.sincomam.org.br\/index.php\/wp-json\/wp\/v2\/comments?post=9036"}],"version-history":[{"count":1,"href":"https:\/\/www.sincomam.org.br\/index.php\/wp-json\/wp\/v2\/posts\/9036\/revisions"}],"predecessor-version":[{"id":9037,"href":"https:\/\/www.sincomam.org.br\/index.php\/wp-json\/wp\/v2\/posts\/9036\/revisions\/9037"}],"wp:featuredmedia":[{"embeddable":true,"href":"https:\/\/www.sincomam.org.br\/index.php\/wp-json\/wp\/v2\/media\/8125"}],"wp:attachment":[{"href":"https:\/\/www.sincomam.org.br\/index.php\/wp-json\/wp\/v2\/media?parent=9036"}],"wp:term":[{"taxonomy":"category","embeddable":true,"href":"https:\/\/www.sincomam.org.br\/index.php\/wp-json\/wp\/v2\/categories?post=9036"},{"taxonomy":"post_tag","embeddable":true,"href":"https:\/\/www.sincomam.org.br\/index.php\/wp-json\/wp\/v2\/tags?post=9036"}],"curies":[{"name":"wp","href":"https:\/\/api.w.org\/{rel}","templated":true}]}}