{"id":9023,"date":"2014-11-13T08:29:47","date_gmt":"2014-11-13T10:29:47","guid":{"rendered":"http:\/\/www.sincomam.org.br\/?p=9023"},"modified":"2014-11-12T01:04:39","modified_gmt":"2014-11-12T03:04:39","slug":"rio-e-sp-precisarao-gastar-r-85-bi-para-garantir-abastecimento-dagua","status":"publish","type":"post","link":"https:\/\/www.sincomam.org.br\/index.php\/rio-e-sp-precisarao-gastar-r-85-bi-para-garantir-abastecimento-dagua\/","title":{"rendered":"Rio e SP precisar\u00e3o gastar R$ 8,5 bi para garantir abastecimento d&#8217;\u00e1gua"},"content":{"rendered":"<p><strong><em>Rio Para\u00edba do Sul j\u00e1 est\u00e1 com os quatro reservat\u00f3rios com os n\u00edveis mais baixos dos \u00faltimos 36 anos<\/em><\/strong><\/p>\n<p>Diante da maior seca dos \u00faltimos 84 anos em S\u00e3o Paulo, e propondo a transfer\u00eancia de parte da \u00e1gua de um dos reservat\u00f3rios do Rio Para\u00edba do Sul para o estado a fim de melhorar o abastecimento, o governador Geraldo Alckmin (PSDB) pediu na segunda-feira ajuda ao governo federal, em reuni\u00e3o com a presidente Dilma Rousseff, para financiar oito obras de infraestrutura na \u00e1rea h\u00eddrica. Juntas, elas custar\u00e3o R$ 3,5 bilh\u00f5es \u2014 R$ 1,5 bilh\u00e3o a menos do que o Rio precisa gastar para universalizar o abastecimento fluminense.<\/p>\n<p>O Rio ainda n\u00e3o enfrenta seca, mas sua principal fonte de abastecimento, o Para\u00edba do Sul, j\u00e1 est\u00e1 com os quatro reservat\u00f3rios com os n\u00edveis mais baixos dos \u00faltimos 36 anos. O total de R$ 8,5 bilh\u00f5es que precisa ser investido em obras, nos dois estados, n\u00e3o trar\u00e1 resultados imediatos. Em S\u00e3o Paulo, algumas interven\u00e7\u00f5es come\u00e7ar\u00e3o a ficar prontas em 2015, mas o restante, somente daqui a tr\u00eas anos. No Rio, a previs\u00e3o \u00e9 que o sistema esteja universalizado s\u00f3 em 2030.<\/p>\n<p>A conta pode ficar ainda mais alta. Segundo o pesquisador do Laborat\u00f3rio de Hidrologia da Coppe, Paulo Carneiro, que coordenou o estudo, encomendado pelo Instituto Estadual de Ambiente, que aponta que ser\u00e3o necess\u00e1rios R$ 5 bilh\u00f5es para o Rio resolver seus problemas de \u00e1gua, o c\u00e1lculo \u00e9 baseado na situa\u00e7\u00e3o atual do estado e n\u00e3o leva em conta fatores como a possibilidade de transposi\u00e7\u00e3o para S\u00e3o Paulo.<\/p>\n<p>\u2014 O estudo foi feito levando em conta o atual n\u00edvel de atendimento m\u00e9dio do sistema de abastecimento de \u00e1gua do estado. O investimento m\u00e9dio necess\u00e1rio foi estimado em 5 bilh\u00f5es. N\u00e3o leva em conta fatores que possam advir da atual crise que vem enfrentando o estado de S\u00e3o Paulo, como possibilidade de capta\u00e7\u00e3o da \u00e1gua do Rio Jaguari, no Rio. E tamb\u00e9m n\u00e3o leva em conta a possibilidade de, no futuro, ser necess\u00e1ria a dessaliniza\u00e7\u00e3o da \u00e1gua do mar \u2014 comentou Carneiro.<\/p>\n<p>Na segunda-feira, em Bras\u00edlia, o governador de S\u00e3o Paulo, Geraldo Alckmin, explicou que os R$ 3,5 bilh\u00f5es seriam gastos na interliga\u00e7\u00e3o do Rio Jaguari ao Atibainha; na barragem de Pedreira e Duas Pontes; no sistema adutor regional para os rios Piracicaba, Capivari e Jundia\u00ed; na interliga\u00e7\u00e3o do Rio Pequeno com a represa Billings; na esta\u00e7\u00e3o de re\u00faso para refor\u00e7o do sistema Baixo Cotia; na adutora emergencial Jaguari-Atibaia para refor\u00e7ar a capta\u00e7\u00e3o de Campinas; e na constru\u00e7\u00e3o de 24 po\u00e7os artesianos no Aqu\u00edfero Guarani.<\/p>\n<p>Alckmin afirmou ainda que, a partir de 2017, S\u00e3o Paulo contar\u00e1 com seu oitavo sistema de produ\u00e7\u00e3o de \u00e1gua, de S\u00e3o Louren\u00e7o, que jogar\u00e1 4,8 m3 por segundo para o Cantareira, gra\u00e7as a um conv\u00eanio de R$ 1,8 bilh\u00e3o entre S\u00e3o Paulo e a Uni\u00e3o, que ser\u00e1 assinado na pr\u00f3xima semana. Al\u00e9m disso, ele disse que h\u00e1 obras permanentes para que o estado seja cada vez menos dependente da \u00e1gua do sistema Cantareira, o que mais vem penando com a estiagem.<\/p>\n<p>Para o diretor do Departamento de Hidrologia da Faculdade de Engenharia da Unicamp, Ant\u00f4nio Carlos Zuffo, as medidas anunciadas por Alckmin aumentariam a margem de manobra do sistema a longo prazo. Mas, de acordo com Zuffo, parte das propostas apresentadas j\u00e1 era de conhecimento do governo desde a d\u00e9cada de 90 e n\u00e3o foi colocada em pr\u00e1tica.<\/p>\n<p>\u2014 O resultado n\u00e3o seria sentido em menos de cinco anos. O an\u00fancio \u00e9 muito mais para mostrar a popula\u00e7\u00e3o e o setor econ\u00f4mico que h\u00e1 uma sa\u00edda do que realmente resolver a crise imediata \u2014 afirmou Zuffo.<\/p>\n<p>Al\u00e9m de Dilma e Alckmin, participaram da reuni\u00e3o as ministras do Planejamento, Miriam Belchior, e do Meio Ambiente, Izabella Teixeira. Depois do encontro, as ministras disseram que Dilma pediu para o governo de S\u00e3o Paulo detalhar as obras, o que ser\u00e1 feito numa reuni\u00e3o na pr\u00f3xima segunda-feira. Nessa conversa \u00e9 que seriam definidas as condi\u00e7\u00f5es financeiras e quanto o governo federal poderia contribuir para a execu\u00e7\u00e3o das obras.<\/p>\n<p>Segundo a ministra Miriam Belchior, Dilma disse que a ajuda para as obras depende da capacidade financeira da Uni\u00e3o, mas sobretudo da import\u00e2ncia dos projetos para a popula\u00e7\u00e3o.<\/p>\n<p>Fonte: O Globo<\/p>\n","protected":false},"excerpt":{"rendered":"<p>Rio Para\u00edba do Sul j\u00e1 est\u00e1 com os quatro reservat\u00f3rios com os n\u00edveis mais baixos dos \u00faltimos 36 anos Diante da maior seca dos \u00faltimos&#8230;<\/p>\n","protected":false},"author":1182,"featured_media":8371,"comment_status":"closed","ping_status":"closed","sticky":false,"template":"","format":"standard","meta":{"footnotes":""},"categories":[6],"tags":[],"class_list":["post-9023","post","type-post","status-publish","format-standard","has-post-thumbnail","hentry","category-noticias"],"_links":{"self":[{"href":"https:\/\/www.sincomam.org.br\/index.php\/wp-json\/wp\/v2\/posts\/9023","targetHints":{"allow":["GET"]}}],"collection":[{"href":"https:\/\/www.sincomam.org.br\/index.php\/wp-json\/wp\/v2\/posts"}],"about":[{"href":"https:\/\/www.sincomam.org.br\/index.php\/wp-json\/wp\/v2\/types\/post"}],"author":[{"embeddable":true,"href":"https:\/\/www.sincomam.org.br\/index.php\/wp-json\/wp\/v2\/users\/1182"}],"replies":[{"embeddable":true,"href":"https:\/\/www.sincomam.org.br\/index.php\/wp-json\/wp\/v2\/comments?post=9023"}],"version-history":[{"count":1,"href":"https:\/\/www.sincomam.org.br\/index.php\/wp-json\/wp\/v2\/posts\/9023\/revisions"}],"predecessor-version":[{"id":9024,"href":"https:\/\/www.sincomam.org.br\/index.php\/wp-json\/wp\/v2\/posts\/9023\/revisions\/9024"}],"wp:featuredmedia":[{"embeddable":true,"href":"https:\/\/www.sincomam.org.br\/index.php\/wp-json\/wp\/v2\/media\/8371"}],"wp:attachment":[{"href":"https:\/\/www.sincomam.org.br\/index.php\/wp-json\/wp\/v2\/media?parent=9023"}],"wp:term":[{"taxonomy":"category","embeddable":true,"href":"https:\/\/www.sincomam.org.br\/index.php\/wp-json\/wp\/v2\/categories?post=9023"},{"taxonomy":"post_tag","embeddable":true,"href":"https:\/\/www.sincomam.org.br\/index.php\/wp-json\/wp\/v2\/tags?post=9023"}],"curies":[{"name":"wp","href":"https:\/\/api.w.org\/{rel}","templated":true}]}}