{"id":9018,"date":"2014-11-12T08:31:56","date_gmt":"2014-11-12T10:31:56","guid":{"rendered":"http:\/\/www.sincomam.org.br\/?p=9018"},"modified":"2014-11-12T00:53:18","modified_gmt":"2014-11-12T02:53:18","slug":"mudanca-na-meta-fiscal-deve-ser-apresentada-nesta-quarta-feira-diz-romero-juca","status":"publish","type":"post","link":"https:\/\/www.sincomam.org.br\/index.php\/mudanca-na-meta-fiscal-deve-ser-apresentada-nesta-quarta-feira-diz-romero-juca\/","title":{"rendered":"Mudan\u00e7a na meta fiscal deve ser apresentada nesta quarta-feira, diz Romero Juc\u00e1"},"content":{"rendered":"<p><strong><em>Para relator do projeto que altera LDO, pa\u00eds pode parar se altera\u00e7\u00e3o n\u00e3o for aprovada pelo Congresso; PSDB e DEM votar\u00e3o contra<\/em><\/strong><\/p>\n<p>Enquanto a oposi\u00e7\u00e3o amea\u00e7a dificultar a aprova\u00e7\u00e3o da mudan\u00e7a na Lei de Diretrizes Or\u00e7ament\u00e1rias (LDO) de 2014, que desobriga o governo de fazer super\u00e1vit prim\u00e1rio (economia para o pagamento dos juros da d\u00edvida) este ano, a base governista se articula para aprovar a medida em tempo recorde. O presidente do Senado, Renan Calheiros (PMDB-AL), convocou para esta quarta-feira uma sess\u00e3o de emerg\u00eancia do Congresso para tentar limpar a pauta, que est\u00e1 trancada por vetos presidenciais, e abrir caminho para a vota\u00e7\u00e3o da mudan\u00e7a na LDO.<\/p>\n<p>Escolhido para ser o relator do projeto que altera a LDO, o senador Romero Juc\u00e1 (PMDB-RR) disse que, se a mudan\u00e7a n\u00e3o for aprovada, h\u00e1 risco de o pa\u00eds parar. Ele prometeu entregar ainda nesta quarta-feira seu parecer favor\u00e1vel \u00e0 altera\u00e7\u00e3o.<\/p>\n<p>\u2014 Ou a gente ajusta, ou paralisamos o pa\u00eds \u2014 disse Juc\u00e1, afirmando que o governo est\u00e1 sendo \u201ctransparente\u201d ao propor a mudan\u00e7a.<\/p>\n<p>O l\u00edder do PMDB na C\u00e2mara, Eduardo Cunha (RJ), disse que o partido n\u00e3o criar\u00e1 obst\u00e1culos ao debate da mat\u00e9ria.<\/p>\n<p>\u2014 Da parte do PMDB, n\u00e3o h\u00e1 obst\u00e1culos para tratar do tema. A meta prevista na LDO n\u00e3o ser\u00e1 atingida e precisa ter alguma flexibiliza\u00e7\u00e3o \u2014 disse Cunha.<\/p>\n<p>O PSDB e o DEM anunciaram que v\u00e3o votar contra o projeto. O l\u00edder do PSDB no Senado, Aloysio Nunes Ferreira (SP), que foi vice na chapa de A\u00e9cio Neves (PSDB) na corrida presidencial, disse que o governo Dilma Rousseff privilegiou a reelei\u00e7\u00e3o e n\u00e3o teve responsabilidade fiscal.<\/p>\n<p>\u2014 Quero dizer claramente que vamos votar contra. A oposi\u00e7\u00e3o n\u00e3o vai colocar a impress\u00e3o digital nessa anistia que a presidente Dilma Rousseff nos pede, para encobrir, para perdoar a sua irresponsabilidade na gest\u00e3o das contas p\u00fablicas brasileiras \u2014 disse Aloysio, em discurso no plen\u00e1rio do Senado.<\/p>\n<p>\u2018ESTOURO NAS CONTAS P\u00daBLICAS\u2019<\/p>\n<p>Para o senador tucano, a culpa pelo \u201crombo nas contas p\u00fablicas\u201d \u00e9 da baixa atividade econ\u00f4mica, a pol\u00edtica de desonera\u00e7\u00e3o fiscal e o descontrole na execu\u00e7\u00e3o dos gastos:<\/p>\n<p>\u2014 A divulga\u00e7\u00e3o desse estouro nas contas p\u00fablicas vem agora confirmar aquilo que v\u00ednhamos dizendo: o governo \u00e9 irrespons\u00e1vel na gest\u00e3o das finan\u00e7as p\u00fablicas. E a presidente encaminha para o Congresso a confiss\u00e3o dessa fal\u00eancia.<\/p>\n<p>Na mesma linha foi a declara\u00e7\u00e3o do presidente nacional do DEM e l\u00edder do partido no Senado, Jos\u00e9 Agripino Maia (RN):<\/p>\n<p>\u2014 Isso \u00e9 a digital da fal\u00eancia do governo. Com este projeto (do super\u00e1vit), o governo deveria dizer: eu concordo que falhei. A campanha foi uma sucess\u00e3o de meias verdades ou engana\u00e7\u00f5es. Isso est\u00e1 provado agora. O DEM vai votar contra.<\/p>\n<p>\u2014 Antes da elei\u00e7\u00e3o ela fazia contabilidade criativa, agora passou a fazer alquimia de contabilidade. Continua escamoteando a verdade. Est\u00e1 na hora de Dilma reconhecer as fragilidades da economia e apresentar solu\u00e7\u00f5es que n\u00e3o sejam m\u00e1gicas \u2014 disse o l\u00edder do PSB na C\u00e2mara, deputado Beto Albuquerque (RS).<\/p>\n<p>Pela manh\u00e3, o vice-presidente Michel Temer fez uma reuni\u00e3o com os aliados para falar das mudan\u00e7as na meta de super\u00e1vit e pedir apoio. Os ministros Ricardo Berzoini (Rela\u00e7\u00f5es Institucionais) e Aloizio Mercadante (Casa Civil) aproveitaram o encontro para dar as explica\u00e7\u00f5es do governo e ajustar o discurso da base aliada.<\/p>\n<p>O relator da LDO de 2015, senador Vital do R\u00eago (PMDB-PB), estava otimista e disse n\u00e3o esperar uma obstru\u00e7\u00e3o da oposi\u00e7\u00e3o, apesar dos discursos no sentido contr\u00e1rio:<\/p>\n<p>\u2014 Diante de uma crise mundial, \u00e9 a op\u00e7\u00e3o que o governo est\u00e1 tendo para manter a pol\u00edtica de investimentos m\u00ednimos em nome de uma estabilidade fiscal que precisa ser corrigida.<\/p>\n<p>Fonte: O Globo \/ Cristiane Jungblut \/ Chico de Gois \/ Catarina Alencastro \/ Luiza Dam\u00e9<\/p>\n","protected":false},"excerpt":{"rendered":"<p>Para relator do projeto que altera LDO, pa\u00eds pode parar se altera\u00e7\u00e3o n\u00e3o for aprovada pelo Congresso; PSDB e DEM votar\u00e3o contra Enquanto a oposi\u00e7\u00e3o&#8230;<\/p>\n","protected":false},"author":1182,"featured_media":3774,"comment_status":"closed","ping_status":"closed","sticky":false,"template":"","format":"standard","meta":{"footnotes":""},"categories":[6],"tags":[],"class_list":["post-9018","post","type-post","status-publish","format-standard","has-post-thumbnail","hentry","category-noticias"],"_links":{"self":[{"href":"https:\/\/www.sincomam.org.br\/index.php\/wp-json\/wp\/v2\/posts\/9018","targetHints":{"allow":["GET"]}}],"collection":[{"href":"https:\/\/www.sincomam.org.br\/index.php\/wp-json\/wp\/v2\/posts"}],"about":[{"href":"https:\/\/www.sincomam.org.br\/index.php\/wp-json\/wp\/v2\/types\/post"}],"author":[{"embeddable":true,"href":"https:\/\/www.sincomam.org.br\/index.php\/wp-json\/wp\/v2\/users\/1182"}],"replies":[{"embeddable":true,"href":"https:\/\/www.sincomam.org.br\/index.php\/wp-json\/wp\/v2\/comments?post=9018"}],"version-history":[{"count":1,"href":"https:\/\/www.sincomam.org.br\/index.php\/wp-json\/wp\/v2\/posts\/9018\/revisions"}],"predecessor-version":[{"id":9019,"href":"https:\/\/www.sincomam.org.br\/index.php\/wp-json\/wp\/v2\/posts\/9018\/revisions\/9019"}],"wp:featuredmedia":[{"embeddable":true,"href":"https:\/\/www.sincomam.org.br\/index.php\/wp-json\/wp\/v2\/media\/3774"}],"wp:attachment":[{"href":"https:\/\/www.sincomam.org.br\/index.php\/wp-json\/wp\/v2\/media?parent=9018"}],"wp:term":[{"taxonomy":"category","embeddable":true,"href":"https:\/\/www.sincomam.org.br\/index.php\/wp-json\/wp\/v2\/categories?post=9018"},{"taxonomy":"post_tag","embeddable":true,"href":"https:\/\/www.sincomam.org.br\/index.php\/wp-json\/wp\/v2\/tags?post=9018"}],"curies":[{"name":"wp","href":"https:\/\/api.w.org\/{rel}","templated":true}]}}