{"id":8955,"date":"2014-11-11T08:16:47","date_gmt":"2014-11-11T10:16:47","guid":{"rendered":"http:\/\/www.sincomam.org.br\/?p=8955"},"modified":"2014-11-10T11:22:03","modified_gmt":"2014-11-10T13:22:03","slug":"tecon-vila-do-conde-coloca-scanner-em-operacao-antes-do-prazo","status":"publish","type":"post","link":"https:\/\/www.sincomam.org.br\/index.php\/tecon-vila-do-conde-coloca-scanner-em-operacao-antes-do-prazo\/","title":{"rendered":"Tecon Vila do Conde coloca scanner em opera\u00e7\u00e3o antes do prazo"},"content":{"rendered":"<p><strong><em>O uso do equipamento ser\u00e1 exigido pela Alf\u00e2ndega em terminais localizados no porto paraense a partir de janeiro de 2015<\/em><\/strong><\/p>\n<p>A Santos Brasil iniciou a opera\u00e7\u00e3o de um scanner de alta tecnologia para confer\u00eancia das cargas importadas e exportadas no Tecon Vila do Conde, em Barcarena (PA). O uso do equipamento ser\u00e1 exigido pela Alf\u00e2ndega em terminais localizados no porto paraense a partir de janeiro de 2015, mas foi antecipado em dois meses pela empresa. O novo scanner diminui o tempo necess\u00e1rio para inspecionar as mercadorias, aprimorando as opera\u00e7\u00f5es na instala\u00e7\u00e3o mar\u00edtima, e permite maior efici\u00eancia na fiscaliza\u00e7\u00e3o pela Receita Federal.<\/p>\n<p>O raio-x penetra at\u00e9 300 mil\u00edmetros de a\u00e7o, o que possibilita a verifica\u00e7\u00e3o do conte\u00fado dos cont\u00eaineres sem necessidade de abri-los. Para isso, basta que os caminh\u00f5es carregados passem pelo equipamento em velocidade baixa. S\u00e3o necess\u00e1rios apenas 30 segundos para que as imagens sejam captadas e armazenadas \u00e0 disposi\u00e7\u00e3o dos \u00f3rg\u00e3os respons\u00e1veis.<\/p>\n<p>\u201cEstamos investindo em alta tecnologia para tornar o Tecon Vila do Conde uma op\u00e7\u00e3o ainda mais competitiva para o importador e o exportador. Nossa principal vantagem para o com\u00e9rcio exterior \u00e9 a localiza\u00e7\u00e3o do terminal, pr\u00f3xima \u00e0s principais rotas mar\u00edtimas internacionais, com acesso a todos os continentes\u201d, explica o gerente-executivo da Santos Brasil em Barcarena, Ricardo Medina.<\/p>\n<p>Al\u00e9m do Tecon Vila do Conde, a Santos Brasil j\u00e1 havia instalado os equipamentos nos demais terminais que opera \u2013 Tecon Santos-SP e Tecon Imbituba-SC, al\u00e9m das unidades log\u00edsticas da empresa, seguindo as determina\u00e7\u00f5es da Alf\u00e2ndega.<\/p>\n<p>Fonte: Guia Mar\u00edtimo<\/p>\n","protected":false},"excerpt":{"rendered":"<p>O uso do equipamento ser\u00e1 exigido pela Alf\u00e2ndega em terminais localizados no porto paraense a partir de janeiro de 2015 A Santos Brasil iniciou a&#8230;<\/p>\n","protected":false},"author":1182,"featured_media":8702,"comment_status":"closed","ping_status":"closed","sticky":false,"template":"","format":"standard","meta":{"footnotes":""},"categories":[6],"tags":[],"class_list":["post-8955","post","type-post","status-publish","format-standard","has-post-thumbnail","hentry","category-noticias"],"_links":{"self":[{"href":"https:\/\/www.sincomam.org.br\/index.php\/wp-json\/wp\/v2\/posts\/8955","targetHints":{"allow":["GET"]}}],"collection":[{"href":"https:\/\/www.sincomam.org.br\/index.php\/wp-json\/wp\/v2\/posts"}],"about":[{"href":"https:\/\/www.sincomam.org.br\/index.php\/wp-json\/wp\/v2\/types\/post"}],"author":[{"embeddable":true,"href":"https:\/\/www.sincomam.org.br\/index.php\/wp-json\/wp\/v2\/users\/1182"}],"replies":[{"embeddable":true,"href":"https:\/\/www.sincomam.org.br\/index.php\/wp-json\/wp\/v2\/comments?post=8955"}],"version-history":[{"count":1,"href":"https:\/\/www.sincomam.org.br\/index.php\/wp-json\/wp\/v2\/posts\/8955\/revisions"}],"predecessor-version":[{"id":8956,"href":"https:\/\/www.sincomam.org.br\/index.php\/wp-json\/wp\/v2\/posts\/8955\/revisions\/8956"}],"wp:featuredmedia":[{"embeddable":true,"href":"https:\/\/www.sincomam.org.br\/index.php\/wp-json\/wp\/v2\/media\/8702"}],"wp:attachment":[{"href":"https:\/\/www.sincomam.org.br\/index.php\/wp-json\/wp\/v2\/media?parent=8955"}],"wp:term":[{"taxonomy":"category","embeddable":true,"href":"https:\/\/www.sincomam.org.br\/index.php\/wp-json\/wp\/v2\/categories?post=8955"},{"taxonomy":"post_tag","embeddable":true,"href":"https:\/\/www.sincomam.org.br\/index.php\/wp-json\/wp\/v2\/tags?post=8955"}],"curies":[{"name":"wp","href":"https:\/\/api.w.org\/{rel}","templated":true}]}}