{"id":8946,"date":"2014-11-11T08:17:44","date_gmt":"2014-11-11T10:17:44","guid":{"rendered":"http:\/\/www.sincomam.org.br\/?p=8946"},"modified":"2014-11-10T10:59:53","modified_gmt":"2014-11-10T12:59:53","slug":"semana-comeca-com-nove-concursos-que-somam-5-024-vagas","status":"publish","type":"post","link":"https:\/\/www.sincomam.org.br\/index.php\/semana-comeca-com-nove-concursos-que-somam-5-024-vagas\/","title":{"rendered":"Semana come\u00e7a com nove concursos, que somam 5.024 vagas"},"content":{"rendered":"<p><strong><em>AgeRio abre inscri\u00e7\u00f5es nesta segunda. INPI prorroga para at\u00e9 quarta-feira prazo para candidatos se cadastrarem para 140 vagas<\/em><\/strong><\/p>\n<p>A Ag\u00eancia de Fomento do Rio de Janeiro (AgeRio) inicia nesta segunda-feira o prazo de inscri\u00e7\u00f5es do concurso para 15 vagas e forma\u00e7\u00e3o de cadastro de reserva para o cargo de analista de desenvolvimento, que exige n\u00edvel superior em qualquer \u00e1rea. O sal\u00e1rio \u00e9 de R$ 4.219,63 e o cadastramento pode ser feito at\u00e9 10 de dezembro. J\u00e1 o Instituto Nacional da Propriedade Industrial (INPI) prorrogou para\u00a0<strong>at\u00e9 esta quarta-feira, dia 12,\u00a0<\/strong>o per\u00edodo de inscri\u00e7\u00f5es para 140 vagas de n\u00edvel superior nos cargos de pesquisador e tecnologista em propriedade industrial. No total, o calend\u00e1rio desta semana conta com nove concursos que, juntos, oferecem 5.024 vagas, al\u00e9m de forma\u00e7\u00e3o de cadastros de reserva. A maioria dos cargos oferecidos \u00e9 para quem tem ensino superior, com destaque para as \u00e1reas de engenharia, tecnologia da informa\u00e7\u00e3o e medicina. Mas h\u00e1, ainda, vagas para pesquisadores em diferentes \u00e1reas e tamb\u00e9m para arquivista, assistente social, pedagogo e at\u00e9 t\u00e9cnico desportivo. Veja como participar dos processos seletivos.<\/p>\n<p><strong>AG\u00caNCIA DE FOMENTO DO RIO DE JANEIRO<\/strong>. A AgeRio abriu concurso p\u00fablico para 15 vagas e forma\u00e7\u00e3o de cadastro de reserva para o cargo de analista de desenvolvimento, que exige n\u00edvel superior em qualquer \u00e1rea. S\u00e3o 12 vagas para os candidatos que concorrem \u00e0s vagas de ampla concorr\u00eancia, uma para candidatos com defici\u00eancia e duas para os candidatos negros e \u00edndios. O sal\u00e1rio \u00e9 de R$ 4.219,63, acrescido de vale-refei\u00e7\u00e3o de R$ 589,92 e vale-alimenta\u00e7\u00e3o de R$ 409,01. As inscri\u00e7\u00f5es devem ser feitas\u00a0<strong>a partir desta segunda-feira at\u00e9 10 de dezembro\u00a0<\/strong>pelo<a href=\"http:\/\/www.domcintra.org.br\/\">\u00a0site da Funda\u00e7\u00e3o Dom Cintra<\/a>. A taxa \u00e9 de R$ 75. O concurso ter\u00e1 prova objetiva e discursiva, com data ainda a ser divulgada.<\/p>\n<p><strong>DATAPREV.\u00a0<\/strong>A Empresa de Tecnologia e Informa\u00e7\u00f5es da Previd\u00eancia Social (Dataprev) abriu concurso p\u00fablico para 4.019 vagas em cargos de n\u00edveis m\u00e9dio e superior, todas em cadastro de reserva, das quais 1.540 s\u00e3o destinadas ao Rio de Janeiro. Do total das oportunidades, 10% s\u00e3o reservadas para pessoas com defici\u00eancia e 20% s\u00e3o para negros e pardos. Os sal\u00e1rios variam de R$ 3.129,73 a R$ 6.395,39. Os interessados j\u00e1 podem se inscrever pelo\u00a0<a href=\"http:\/\/www.quadrix.org.br\/concursodataprev2014.aspx\">site do Instituto Quadrix<\/a>. O prazo ser\u00e1 encerrado\u00a0<strong>na pr\u00f3xima segunda-feira, dia 17<\/strong>, e as taxas s\u00e3o de R$ 50 (n\u00edvel m\u00e9dio) e R$ 80 (n\u00edvel superior). Confira aqui o\u00a0<a href=\"http:\/\/www.quadrix.org.br\/resources\/1\/concursos\/2014\/DATAPREV2014\/dataprev2014_EDITAL_V1.pdf\">edital<\/a>. Entre os cargos de n\u00edvel superior, est\u00e3o os dirigidos a engenheiros e m\u00e9dicos de seguran\u00e7a do trabalho e analistas de tecnologia da informa\u00e7\u00e3o em \u00e1reas como advocacia, comunica\u00e7\u00e3o social, arquitetura, engenharia e contabilidade. As vagas de n\u00edvel m\u00e9dio s\u00e3o para auxiliar de enfermagem do trabalho e t\u00e9cnico de seguran\u00e7a do trabalho. Al\u00e9m do Rio, h\u00e1 oportunidades para Florian\u00f3polis, Fortaleza, Jo\u00e3o Pessoa, Natal, S\u00e3o Paulo, Boa Vista, Macap\u00e1, Palmas, Porto Velho, Rio Branco, Aracaju, Salvador, Vit\u00f3ria, Belo Horizonte, Campo Grande, Cuiab\u00e1, Bel\u00e9m, Manaus, Goi\u00e2nia, Curitiba, Porto Alegre, Macei\u00f3, Recife, S\u00e3o Lu\u00eds, Teresina e Bras\u00edlia.<\/p>\n<p>D<strong>EFENSORIA P\u00daBLICA DA UNI\u00c3O<\/strong>. A DPU abriu concurso p\u00fablico para 58 vagas, sendo tr\u00eas para portadores de defici\u00eancia, e forma\u00e7\u00e3o de cadastro de reserva no cargo de defensor p\u00fablico federal de 2\u00aa categoria. O sal\u00e1rio \u00e9 de R$ 16.489,37. O candidato deve ter gradua\u00e7\u00e3o de n\u00edvel superior de bacharelado em direito, estar inscrito na OAB, ter, no m\u00ednimo, pr\u00e1tica de tr\u00eas anos de atividade jur\u00eddica e idade m\u00ednima de 18 anos completos na data de posse. As inscri\u00e7\u00f5es devem ser feitas pelo\u00a0<a href=\"http:\/\/www.cespe.unb.br\/concursos\/\">site do Cespe\/UnB<\/a>, no per\u00edodo\u00a0<strong>de 17 de novembro a 8 de dezembro<\/strong>. A taxa \u00e9 de R$ 180. A sele\u00e7\u00e3o ter\u00e1 prova objetiva, provas dissertativas escritas, provas orais, avalia\u00e7\u00e3o de t\u00edtulos, sindic\u00e2ncia de vida pregressa e apura\u00e7\u00e3o dos demais requisitos pessoais. A primeira, a segunda, a quarta e a quinta fases e a per\u00edcia m\u00e9dica dos candidatos que se declararem com defici\u00eancia ser\u00e3o realizadas nas capitais dos 26 estados da Federa\u00e7\u00e3o e na capital federal. A terceira fase ser\u00e1 em Bras\u00edlia.<\/p>\n<p><strong>INPI.\u00a0<\/strong>O Instituto Nacional da Propriedade Industrial (INPI) prorrogou para\u00a0<strong>at\u00e9 esta quarta-feira, dia 12,\u00a0<\/strong>o per\u00edodo de inscri\u00e7\u00f5es no concurso p\u00fablico que oferece 140 vagas de n\u00edvel superior nos cargos de pesquisador e tecnologista em propriedade industrial. Os interessados em participar devem acessar o\u00a0<a href=\"http:\/\/www.cespe.unb.br\/concursos\/inpi_14\/\">site do Cespe\/UnB\u00a0<\/a>e realizar a inscri\u00e7\u00e3o. A taxa \u00e9 de R$ 90 para tecnologista e de R$ 100 para o cargo de pesquisador. O concurso reserva 100 vagas para o cargo de pesquisador, distribu\u00eddas em diversas \u00e1reas de conhecimento. A remunera\u00e7\u00e3o total \u00e9 R$ 7.421,60 para uma jornada de trabalho de 40 horas semanais. Tamb\u00e9m est\u00e3o reservadas 40 vagas para o cargo de tecnologista. H\u00e1 oportunidades para graduados em engenharia da computa\u00e7\u00e3o, arquitetura, tecnologia da informa\u00e7\u00e3o, desenho industrial, entre outras \u00e1reas de forma\u00e7\u00e3o. A remunera\u00e7\u00e3o total para esse posto \u00e9 R$ 6.693,54 para uma jornada de 40 horas semanais.<\/p>\n<p><strong>UNIVERSIDADE FEDERAL DO RIO DE JANEIRO.\u00a0<\/strong>A UFRJ anunciou a abertura de concurso para a \u00e1rea de apoio, visando ao preenchimento inicial de 132 vagas em cargos de todos os n\u00edveis de escolaridade. O destaque do concurso \u00e9 o cargo de auxiliar de administra\u00e7\u00e3o, que exige apenas o n\u00edvel fundamental. S\u00e3o 40 vagas, todas no munic\u00edpio do Rio, com remunera\u00e7\u00e3o inicial de R$ 2.013,34, sendo R$ 1.640,34 de vencimento-base e R$ 373 de aux\u00edlio alimenta\u00e7\u00e3o. Caso o candidato tenha o ensino m\u00e9dio, receber\u00e1 um adicional de qualifica\u00e7\u00e3o de R$ 246,05, mas o valor pode ser ampliado se o concursando tiver forma\u00e7\u00e3o t\u00e9cnica, n\u00edvel superior ou p\u00f3s-gradua\u00e7\u00e3o. Em n\u00edvel m\u00e9dio, entre outros cargos, s\u00e3o oferecidas 30 vagas de assistente em administra\u00e7\u00e3o, sendo 25 na capital e cinco em Maca\u00e9. Os ganhos iniciais s\u00e3o de R$ 2.382,89, mas os rendimentos podem aumentar se o candidato possuir n\u00edvel superior ou t\u00edtulos de especializa\u00e7\u00e3o, mestrado ou doutorado. Os cargos que pedem forma\u00e7\u00e3o superior s\u00e3o arquiteto, arquivista, engenheiro de telecomunica\u00e7\u00f5es, nutricionista (alimenta\u00e7\u00e3o coletiva e cl\u00ednica), programador visual e t\u00e9cnico desportivo. Nestes casos, os ganhos iniciais s\u00e3o de R$ 3.765,42, mas com o adicional de qualifica\u00e7\u00e3o, que varia de acordo com a titula\u00e7\u00e3o, pode chegar a R$ 5.936,73. Os interessados podem se inscrever no\u00a0<a href=\"http:\/\/www.pr4.ufrj.br\/\">site da PR4<\/a>, organizadora do concurso,<strong>\u00a0at\u00e9 o dia 23 deste m\u00eas<\/strong>. As taxas variam de R$ 60 a R$ 100, de acordo com o cargo.<\/p>\n<p><strong>FUNDA\u00c7\u00c3O SANTA CABRINI.<\/strong>\u00a0Est\u00e3o abertas as inscri\u00e7\u00f5es para o primeiro concurso da Funda\u00e7\u00e3o Santa Cabrini, vinculada \u00e0 Secretaria de Estado de Administra\u00e7\u00e3o Penitenci\u00e1ria (Seap) do Rio de Janeiro. Os interessados t\u00eam\u00a0<strong>at\u00e9 o dia 20 deste m\u00eas\u00a0<\/strong>para se cadastrar no\u00a0<a href=\"http:\/\/www.ceperj.rj.gov.br\/\">site da Funda\u00e7\u00e3o Ceperj<\/a>. S\u00e3o 69 vagas em cargos efetivos de n\u00edveis superior, m\u00e9dio t\u00e9cnico e m\u00e9dio, com vencimentos de R$ 4.042,31, R$ 2.098,15 e R$ 1.762,44, respectivamente. Os valores das taxas s\u00e3o de R$ 90 (n\u00edvel superior), R$ 70 (n\u00edvel m\u00e9dio t\u00e9cnico) e de R$ 50 (n\u00edvel m\u00e9dio). Para os candidatos sem possibilidade de acesso \u00e0 internet, a Diretoria de Concursos coloca \u00e0 disposi\u00e7\u00e3o um posto de atendimento na sede da Ceperj, na Avenida Carlos Peixoto, 54, t\u00e9rreo, Botafogo, Zona Sul do Rio. O atendimento \u00e9 das 10h \u00e0s 16h dos dias \u00fateis. O interessado deve levar documento oficial de identidade original e comprovante de resid\u00eancia. Para n\u00edvel superior, os cargos s\u00e3o de advogado, assistente social, contador, pedagogo e psic\u00f3logo. H\u00e1 oportunidades para t\u00e9cnicos agr\u00edcolas e de seguran\u00e7a do trabalho, cargos que exigem forma\u00e7\u00e3o de n\u00edvel t\u00e9cnico. Os postos de n\u00edvel m\u00e9dio s\u00e3o de agente administrativo.<\/p>\n<p><strong>TRIBUNAL DE CONTAS DO ESTADO\/MG.<\/strong>\u00a0O TCE-MG vai preencher duas vagas de auditor, com sal\u00e1rio de R$ 25.260,19. Para se candidatar, \u00e9 preciso ter idade m\u00ednima de 35 anos e m\u00e1xima de 65 anos incompletos, gradua\u00e7\u00e3o superior e conhecimentos jur\u00eddicos, cont\u00e1beis, econ\u00f4micos e financeiros ou de administra\u00e7\u00e3o p\u00fablica. As inscri\u00e7\u00f5es podem ser feitas at\u00e9<strong>\u00a0o dia 14<\/strong>, no<a href=\"http:\/\/www.gestaodeconcursos.com.br\/site\/site\/DetalheConcurso.aspx?CodigoConcurso=1095\">\u00a0site Gest\u00e3o de Concursos<\/a>, e a taxa \u00e9 de R$ 220. A prova objetiva est\u00e1 prevista para o dia 11 de janeiro de 2015.<\/p>\n<p><strong>PREFEITURA DE RECIFE\/PE.\u00a0<\/strong>A Prefeitura do Recife oferece 569 vagas em cargos de n\u00edvel m\u00e9dio e superior, na \u00e1rea de ensino. S\u00e3o 559 vagas para quem tem o ensino m\u00e9dio completo, sendo 259 para auxiliar de desenvolvimento infantil (ADI), trabalhando 30 horas por semana, e 300 para agente administrativo escolar (AAE), com 40 horas semanais. As 10 vagas de n\u00edvel superior s\u00e3o para professor de matem\u00e1tica nos anos finais de ensino fundamental, para atuar na rede municipal de ensino. Al\u00e9m da prova, os t\u00edtulos dos concorrentes tamb\u00e9m ser\u00e3o examinados. O vencimento ser\u00e1 de acordo com as horas ministradas, com um m\u00ednimo de 100 horas-aulas mensais e m\u00e1ximo de 270 horas-aulas\/m\u00eas. Quem tem licenciatura plena receber\u00e1 R$ 13,02 h\/a, o pagamento para quem tem especializa\u00e7\u00e3o \u00e9 de R$ 14,35 h\/a, R$ 14,56 h\/a para mestrado, e R$ 14,87 h\/a, para candidatos com doutorado. As inscri\u00e7\u00f5es terminam\u00a0<strong>nesta segunda-feira<\/strong>,\u00a0<strong>dia 10,\u00a0<\/strong>pelo<a href=\"http:\/\/www.upenet.com.br\/\">\u00a0site da UPE NET<\/a>. A taxa varia de R$ 40 a R$ 60.<\/p>\n<p><strong>DEFENSORIA P\u00daBLICA DE PERNAMBUCO.<\/strong>\u00a0O \u00f3rg\u00e3o divulgou edital do concurso que oferece 20 vagas para o cargo de defensor p\u00fablico do estado, carreira inicial. A taxa de inscri\u00e7\u00e3o \u00e9 de R$ 260 e os interessados podem se cadastrar no site do\u00a0<a href=\"http:\/\/www.cespe.unb.br\/concursos\/dpe_pe_14_defensor\">Cespe\/UnB,<\/a>\u00a0<strong>at\u00e9 quarta-feira, dia 12<\/strong>. A remunera\u00e7\u00e3o do cargo \u00e9 de R$ 10.182,29, incluindo aux\u00edlio alimenta\u00e7\u00e3o, escalonamento progressivo e anual de 20% ao ano, at\u00e9 2018, nos termos da legisla\u00e7\u00e3o vigente. Para concorrer, os candidatos devem possuir diploma de conclus\u00e3o de curso de gradua\u00e7\u00e3o de n\u00edvel superior (bacharelado) em direito, ter inscri\u00e7\u00e3o na Ordem dos Advogados do Brasil (OAB) e, ainda, tr\u00eas anos de atividade jur\u00eddica. Os candidatos ser\u00e3o selecionados por meio das fases de prova objetiva e provas subjetivas, previstas para 11 de janeiro de 2015 e, ainda, prova oral e avalia\u00e7\u00e3o de t\u00edtulos. Todas as fases e a per\u00edcia m\u00e9dica dos candidatos que se declararem com defici\u00eancia ocorrer\u00e3o em Recife.<\/p>\n<p>Fonte: O Globo<\/p>\n","protected":false},"excerpt":{"rendered":"<p>AgeRio abre inscri\u00e7\u00f5es nesta segunda. INPI prorroga para at\u00e9 quarta-feira prazo para candidatos se cadastrarem para 140 vagas A Ag\u00eancia de Fomento do Rio de&#8230;<\/p>\n","protected":false},"author":1182,"featured_media":3546,"comment_status":"closed","ping_status":"closed","sticky":false,"template":"","format":"standard","meta":{"footnotes":""},"categories":[6],"tags":[],"class_list":["post-8946","post","type-post","status-publish","format-standard","has-post-thumbnail","hentry","category-noticias"],"_links":{"self":[{"href":"https:\/\/www.sincomam.org.br\/index.php\/wp-json\/wp\/v2\/posts\/8946","targetHints":{"allow":["GET"]}}],"collection":[{"href":"https:\/\/www.sincomam.org.br\/index.php\/wp-json\/wp\/v2\/posts"}],"about":[{"href":"https:\/\/www.sincomam.org.br\/index.php\/wp-json\/wp\/v2\/types\/post"}],"author":[{"embeddable":true,"href":"https:\/\/www.sincomam.org.br\/index.php\/wp-json\/wp\/v2\/users\/1182"}],"replies":[{"embeddable":true,"href":"https:\/\/www.sincomam.org.br\/index.php\/wp-json\/wp\/v2\/comments?post=8946"}],"version-history":[{"count":1,"href":"https:\/\/www.sincomam.org.br\/index.php\/wp-json\/wp\/v2\/posts\/8946\/revisions"}],"predecessor-version":[{"id":8947,"href":"https:\/\/www.sincomam.org.br\/index.php\/wp-json\/wp\/v2\/posts\/8946\/revisions\/8947"}],"wp:featuredmedia":[{"embeddable":true,"href":"https:\/\/www.sincomam.org.br\/index.php\/wp-json\/wp\/v2\/media\/3546"}],"wp:attachment":[{"href":"https:\/\/www.sincomam.org.br\/index.php\/wp-json\/wp\/v2\/media?parent=8946"}],"wp:term":[{"taxonomy":"category","embeddable":true,"href":"https:\/\/www.sincomam.org.br\/index.php\/wp-json\/wp\/v2\/categories?post=8946"},{"taxonomy":"post_tag","embeddable":true,"href":"https:\/\/www.sincomam.org.br\/index.php\/wp-json\/wp\/v2\/tags?post=8946"}],"curies":[{"name":"wp","href":"https:\/\/api.w.org\/{rel}","templated":true}]}}