{"id":8942,"date":"2014-11-10T10:52:02","date_gmt":"2014-11-10T12:52:02","guid":{"rendered":"http:\/\/www.sincomam.org.br\/?p=8942"},"modified":"2014-11-10T10:52:51","modified_gmt":"2014-11-10T12:52:51","slug":"transpetro-sergio-machado-esta-na-mira-do-ministerio-publico","status":"publish","type":"post","link":"https:\/\/www.sincomam.org.br\/index.php\/transpetro-sergio-machado-esta-na-mira-do-ministerio-publico\/","title":{"rendered":"Transpetro: S\u00e9rgio Machado est\u00e1 na mira do Minist\u00e9rio P\u00fablico"},"content":{"rendered":"<p>O juiz federal S\u00e9rgio Moro, da 13\u00aa Vara Federal Criminal de Curitiba, dever\u00e1 decidir se autoriza o Minist\u00e9rio P\u00fablico Estadual do Rio de Janeiro a ouvir o ex-diretor de Abastecimento da Petrobras Paulo Roberto Costa, para elucidar dois inqu\u00e9ritos promovidos pela promotora Gl\u00e1ucia Santana. O primeiro para investigar \u201csuposta evolu\u00e7\u00e3o patrimonial incompat\u00edvel com a renda do presidente da Transpetro, S\u00e9rgio Machado\u201d, e o outro que apura sobrepre\u00e7o na contrata\u00e7\u00e3o da construtora Andrade Gutierrez para obras de amplia\u00e7\u00e3o do Centro de Pesquisa e Desenvolvimento da Petrobras (Cenpes).<\/p>\n<p>O presidente da Transpetro, S\u00e9rgio Machado, pediu licen\u00e7a recentemente por exig\u00eancia da empresa que audita as contas da estatal, a P<em>ricewaterhouseCoopers <\/em>(PwC), depois do seu envolvimento no esc\u00e2ndalo revelado pelo delator. A promotora decidiu ouvir o delator, ap\u00f3s tomar conhecimento que em um depoimento \u00e0 Justi\u00e7a Federal de Curitiba, ele afirmou ter recebido R$ 500 mil de Machado em dinheiro, referente a propinas atrasadas, da negocia\u00e7\u00e3o de um navio.<\/p>\n<p>Com a divulga\u00e7\u00e3o da dela\u00e7\u00e3o, a empresa americana teria feito press\u00e3o pelo afastamento de Machado. O pr\u00f3prio Conselho de Administra\u00e7\u00e3o da Petrobras, teria amea\u00e7ado na auditoria externa n\u00e3o assinar a an\u00e1lise dos resultados trimestrais da companhia caso Machado permanecesse \u00e0 frente da Transpetro. Sergio Machado fora indicado para o cargo pelo presidente do Senado, Renan Calheiros (PMDB-AL).<\/p>\n<p>Fonte: Cear\u00e1 Agora<\/p>\n","protected":false},"excerpt":{"rendered":"<p>O juiz federal S\u00e9rgio Moro, da 13\u00aa Vara Federal Criminal de Curitiba, dever\u00e1 decidir se autoriza o Minist\u00e9rio P\u00fablico Estadual do Rio de Janeiro a&#8230;<\/p>\n","protected":false},"author":1182,"featured_media":8459,"comment_status":"closed","ping_status":"closed","sticky":false,"template":"","format":"standard","meta":{"footnotes":""},"categories":[6],"tags":[],"class_list":["post-8942","post","type-post","status-publish","format-standard","has-post-thumbnail","hentry","category-noticias"],"_links":{"self":[{"href":"https:\/\/www.sincomam.org.br\/index.php\/wp-json\/wp\/v2\/posts\/8942","targetHints":{"allow":["GET"]}}],"collection":[{"href":"https:\/\/www.sincomam.org.br\/index.php\/wp-json\/wp\/v2\/posts"}],"about":[{"href":"https:\/\/www.sincomam.org.br\/index.php\/wp-json\/wp\/v2\/types\/post"}],"author":[{"embeddable":true,"href":"https:\/\/www.sincomam.org.br\/index.php\/wp-json\/wp\/v2\/users\/1182"}],"replies":[{"embeddable":true,"href":"https:\/\/www.sincomam.org.br\/index.php\/wp-json\/wp\/v2\/comments?post=8942"}],"version-history":[{"count":1,"href":"https:\/\/www.sincomam.org.br\/index.php\/wp-json\/wp\/v2\/posts\/8942\/revisions"}],"predecessor-version":[{"id":8943,"href":"https:\/\/www.sincomam.org.br\/index.php\/wp-json\/wp\/v2\/posts\/8942\/revisions\/8943"}],"wp:featuredmedia":[{"embeddable":true,"href":"https:\/\/www.sincomam.org.br\/index.php\/wp-json\/wp\/v2\/media\/8459"}],"wp:attachment":[{"href":"https:\/\/www.sincomam.org.br\/index.php\/wp-json\/wp\/v2\/media?parent=8942"}],"wp:term":[{"taxonomy":"category","embeddable":true,"href":"https:\/\/www.sincomam.org.br\/index.php\/wp-json\/wp\/v2\/categories?post=8942"},{"taxonomy":"post_tag","embeddable":true,"href":"https:\/\/www.sincomam.org.br\/index.php\/wp-json\/wp\/v2\/tags?post=8942"}],"curies":[{"name":"wp","href":"https:\/\/api.w.org\/{rel}","templated":true}]}}