{"id":8873,"date":"2014-11-07T08:35:38","date_gmt":"2014-11-07T10:35:38","guid":{"rendered":"http:\/\/www.sincomam.org.br\/?p=8873"},"modified":"2014-10-28T10:38:55","modified_gmt":"2014-10-28T12:38:55","slug":"marinha-encerra-buscas-por-veleiro-argentino-desaparecido-no-rs","status":"publish","type":"post","link":"https:\/\/www.sincomam.org.br\/index.php\/marinha-encerra-buscas-por-veleiro-argentino-desaparecido-no-rs\/","title":{"rendered":"Marinha encerra buscas por veleiro argentino desaparecido no RS"},"content":{"rendered":"<p><strong><em>Tunante II pediu socorro em 26 de agosto e n\u00e3o foi mais vista desde ent\u00e3o. Quatro tripulantes estavam a bordo da embarca\u00e7\u00e3o, segundo familiares<\/em><\/strong><\/p>\n<p>A Marinha do Brasil anunciou em comunicado que encerrou nesta quarta-feira (22) as buscas ao veleiro argentino Tunante II, desaparecido desde o 26 de agosto no litoral do Rio Grande do Sul. Os trabalhos haviam sido retomadas depois que familiares dos tripulantes enviarem imagens feitas por sat\u00e9lite que poderiam ser da embarca\u00e7\u00e3o.<\/p>\n<p>No dia 12 de outubro, o barco pesqueiro Kopesca I encontrou uma balsa salva-vidas que pertencia ao veleiro. O material estava submerso, sem corpos, e foi recolhido a cerca de 100 milhas da costa de Tramanda\u00ed. A balsa e outros objetos foram entregues \u00e0 Capitania dos Portos para uma per\u00edcia.<\/p>\n<p>A embarca\u00e7\u00e3o de 12,5 metros de comprimento saiu de Buenos Aires com destino a B\u00fazios, no Rio de Janeiro, em agosto. Embarcaram nela o m\u00e9dico oftalmologista Jorge Benozzi, seu genro, Mauro Cappuccio, e dois amigos de inf\u00e2ncia, Alejandro Vernero e Horacio Morales.<\/p>\n<p>Segundo a Marinha, a Fragata Greenhalgh com helic\u00f3ptero embarcado, a Corveta Parker, da Armada Argentina, e aeronaves P-95, da For\u00e7a A\u00e9rea Brasileira, realizaram mais de 8 dias de buscas sem encontrar novos ind\u00edcios ou vest\u00edgios do veleiro. O trabalho foi realizado em uma \u00e1rea de cerca de 22 mil km\u00b2 onde a balsa foi encontrada e tamb\u00e9m onde as imagens de sat\u00e9lite indicavam suposta presen\u00e7a do veleiro.<\/p>\n<p>Ainda conforme a Marinha, as embarca\u00e7\u00f5es empregadas nas buscas j\u00e1 foram dispensadas. Um inqu\u00e9rito ser\u00e1 realizado para apurar os fatos, abrangendo a sa\u00edda do veleiro da Argentina, a parada em La Paloma, no Uruguai, onde a embarca\u00e7\u00e3o realizou reparo no mastro, a chamada de socorro no dia 26 de agosto, pr\u00f3xima ao porto de Rio Grande, o recolhimento da balsa salva-vidas no dia 12 de outubro e as buscas realizadas.<\/p>\n<p>Fonte: G1 \/ RS<\/p>\n","protected":false},"excerpt":{"rendered":"<p>Tunante II pediu socorro em 26 de agosto e n\u00e3o foi mais vista desde ent\u00e3o. Quatro tripulantes estavam a bordo da embarca\u00e7\u00e3o, segundo familiares A&#8230;<\/p>\n","protected":false},"author":1182,"featured_media":8874,"comment_status":"closed","ping_status":"closed","sticky":false,"template":"","format":"standard","meta":{"footnotes":""},"categories":[6],"tags":[],"class_list":["post-8873","post","type-post","status-publish","format-standard","has-post-thumbnail","hentry","category-noticias"],"_links":{"self":[{"href":"https:\/\/www.sincomam.org.br\/index.php\/wp-json\/wp\/v2\/posts\/8873","targetHints":{"allow":["GET"]}}],"collection":[{"href":"https:\/\/www.sincomam.org.br\/index.php\/wp-json\/wp\/v2\/posts"}],"about":[{"href":"https:\/\/www.sincomam.org.br\/index.php\/wp-json\/wp\/v2\/types\/post"}],"author":[{"embeddable":true,"href":"https:\/\/www.sincomam.org.br\/index.php\/wp-json\/wp\/v2\/users\/1182"}],"replies":[{"embeddable":true,"href":"https:\/\/www.sincomam.org.br\/index.php\/wp-json\/wp\/v2\/comments?post=8873"}],"version-history":[{"count":1,"href":"https:\/\/www.sincomam.org.br\/index.php\/wp-json\/wp\/v2\/posts\/8873\/revisions"}],"predecessor-version":[{"id":8875,"href":"https:\/\/www.sincomam.org.br\/index.php\/wp-json\/wp\/v2\/posts\/8873\/revisions\/8875"}],"wp:featuredmedia":[{"embeddable":true,"href":"https:\/\/www.sincomam.org.br\/index.php\/wp-json\/wp\/v2\/media\/8874"}],"wp:attachment":[{"href":"https:\/\/www.sincomam.org.br\/index.php\/wp-json\/wp\/v2\/media?parent=8873"}],"wp:term":[{"taxonomy":"category","embeddable":true,"href":"https:\/\/www.sincomam.org.br\/index.php\/wp-json\/wp\/v2\/categories?post=8873"},{"taxonomy":"post_tag","embeddable":true,"href":"https:\/\/www.sincomam.org.br\/index.php\/wp-json\/wp\/v2\/tags?post=8873"}],"curies":[{"name":"wp","href":"https:\/\/api.w.org\/{rel}","templated":true}]}}