{"id":8866,"date":"2014-11-07T08:25:33","date_gmt":"2014-11-07T10:25:33","guid":{"rendered":"http:\/\/www.sincomam.org.br\/?p=8866"},"modified":"2014-10-28T09:57:41","modified_gmt":"2014-10-28T11:57:41","slug":"log-in-registra-recorde-de-volume-na-navegacao-costeira","status":"publish","type":"post","link":"https:\/\/www.sincomam.org.br\/index.php\/log-in-registra-recorde-de-volume-na-navegacao-costeira\/","title":{"rendered":"Log-In registra recorde de volume na navega\u00e7\u00e3o costeira"},"content":{"rendered":"<p><strong><em>O recorde de volume da cabotagem foi ainda mais expressivo, atingindo 39,1 mil Teus<\/em><\/strong><\/p>\n<p>A Navega\u00e7\u00e3o Costeira obteve recorde de volume no terceiro trimestre de 2014, movimentando 76,5 mil Teus, um crescimento de 11,6% em rela\u00e7\u00e3o ao mesmo per\u00edodo do ano passado. O recorde de volume da Cabotagem foi ainda mais expressivo no per\u00edodo, atingindo 39,1 mil Teus. O crescimento significativo de 38,1% em rela\u00e7\u00e3o ao mesmo trimestre do ano anterior ocorreu mesmo com um cen\u00e1rio econ\u00f4mico de desacelera\u00e7\u00e3o, greves e feriados decorrentes da Copa do Mundo no m\u00eas de julho.<\/p>\n<p>Os segmentos com maior crescimento foram: Materiais de Constru\u00e7\u00e3o, Cer\u00e2mica e Telhas (+281%), Qu\u00edmicos e Petroqu\u00edmicos (+93%) e Embalagens (+71%) e Eletroeletr\u00f4nicos (+49%). No TVV (Terminal Vila Velha) houve crescimento de 6,0% dos volumes de cont\u00eaineres em Teus no terceiro trimestre do ano, quando comparado ao mesmo per\u00edodo do ano passado.<\/p>\n<p>Em rela\u00e7\u00e3o aos volumes de cont\u00eaineres, foram movimentados 63,0 mil Teus, o que significa um crescimento de 6,0% em rela\u00e7\u00e3o ao ano passado. O terminal continua com restri\u00e7\u00f5es de calado em decorr\u00eancia dos atrasos nas obras de dragagem e derrocagem do canal de acesso ao Porto de Vit\u00f3ria.<\/p>\n<p>O EBITDA consolidado da Log-In atingiu R$ 50,4 milh\u00f5es no terceiro trimestre do ano, o que significa um crescimento de 27,6% em compara\u00e7\u00e3o ao mesmo per\u00edodo do ano passado. A margem EBITDA consolidada do trimestre foi de 20,4%.<\/p>\n<p>O crescimento foi suportado principalmente pelo incremento dos volumes de cabotagem e altera\u00e7\u00f5es operacionais para otimiza\u00e7\u00e3o de custos no Servi\u00e7o Atl\u00e2ntico Sul, superando parcialmente a redu\u00e7\u00e3o dos volumes do Mercosul.<\/p>\n<p>Fonte: Guia Mar\u00edtimo<\/p>\n","protected":false},"excerpt":{"rendered":"<p>O recorde de volume da cabotagem foi ainda mais expressivo, atingindo 39,1 mil Teus A Navega\u00e7\u00e3o Costeira obteve recorde de volume no terceiro trimestre de&#8230;<\/p>\n","protected":false},"author":1182,"featured_media":3597,"comment_status":"closed","ping_status":"closed","sticky":false,"template":"","format":"standard","meta":{"footnotes":""},"categories":[6],"tags":[],"class_list":["post-8866","post","type-post","status-publish","format-standard","has-post-thumbnail","hentry","category-noticias"],"_links":{"self":[{"href":"https:\/\/www.sincomam.org.br\/index.php\/wp-json\/wp\/v2\/posts\/8866","targetHints":{"allow":["GET"]}}],"collection":[{"href":"https:\/\/www.sincomam.org.br\/index.php\/wp-json\/wp\/v2\/posts"}],"about":[{"href":"https:\/\/www.sincomam.org.br\/index.php\/wp-json\/wp\/v2\/types\/post"}],"author":[{"embeddable":true,"href":"https:\/\/www.sincomam.org.br\/index.php\/wp-json\/wp\/v2\/users\/1182"}],"replies":[{"embeddable":true,"href":"https:\/\/www.sincomam.org.br\/index.php\/wp-json\/wp\/v2\/comments?post=8866"}],"version-history":[{"count":1,"href":"https:\/\/www.sincomam.org.br\/index.php\/wp-json\/wp\/v2\/posts\/8866\/revisions"}],"predecessor-version":[{"id":8867,"href":"https:\/\/www.sincomam.org.br\/index.php\/wp-json\/wp\/v2\/posts\/8866\/revisions\/8867"}],"wp:featuredmedia":[{"embeddable":true,"href":"https:\/\/www.sincomam.org.br\/index.php\/wp-json\/wp\/v2\/media\/3597"}],"wp:attachment":[{"href":"https:\/\/www.sincomam.org.br\/index.php\/wp-json\/wp\/v2\/media?parent=8866"}],"wp:term":[{"taxonomy":"category","embeddable":true,"href":"https:\/\/www.sincomam.org.br\/index.php\/wp-json\/wp\/v2\/categories?post=8866"},{"taxonomy":"post_tag","embeddable":true,"href":"https:\/\/www.sincomam.org.br\/index.php\/wp-json\/wp\/v2\/tags?post=8866"}],"curies":[{"name":"wp","href":"https:\/\/api.w.org\/{rel}","templated":true}]}}