{"id":8852,"date":"2014-11-05T08:31:59","date_gmt":"2014-11-05T10:31:59","guid":{"rendered":"http:\/\/www.sincomam.org.br\/?p=8852"},"modified":"2014-10-28T09:35:25","modified_gmt":"2014-10-28T11:35:25","slug":"governo-da-incentivo-fiscal-para-odebrecht-investir-em-rodovia-no-parana","status":"publish","type":"post","link":"https:\/\/www.sincomam.org.br\/index.php\/governo-da-incentivo-fiscal-para-odebrecht-investir-em-rodovia-no-parana\/","title":{"rendered":"Governo d\u00e1 incentivo fiscal para Odebrecht investir em rodovia no Paran\u00e1"},"content":{"rendered":"<p>O governo federal vai dar um incentivo fiscal R$ 55,35 milh\u00f5es, no \u00e2mbito do Regime Especial de Incentivos para o Desenvolvimento da Infraestrutura (Reidi), para que a\u00a0 Concession\u00e1ria Rota das Fronteiras S.A., do grupo Odebrecht, invista na rodovia estadual PR-323, no noroeste do Paran\u00e1. <\/p>\n<p>O enquadramento de investimentos da empresa nesse regime tribut\u00e1rio foi aprovado pelo Minist\u00e9rio dos Transportes em portaria publicada no \u201cDi\u00e1rio Oficial da\u00a0 Uni\u00e3o\u201d desta segunda-feira.<\/p>\n<p>A concession\u00e1ria, cujo capital \u00e9 70% da Odebrecht Transport S.A., ser\u00e1 respons\u00e1vel pela administra\u00e7\u00e3o do trecho de 220 quil\u00f4metros da PR-323 que vai de Maring\u00e1 a Francisco Alves durante 30 anos, at\u00e9 2044,\u00a0 em decorr\u00eancia da primeira Parceria P\u00fablico-Privada (PPP) firmada pelo governo paranaense. O contrato de PPP foi assinado em junho deste ano. <\/p>\n<p>A parceria prev\u00ea investimentos totais de R$ 7 bilh\u00f5es, segundo anunciou o governo estadual na \u00e9poca, incluindo os necess\u00e1rios para duplica\u00e7\u00e3o de 207 km.<\/p>\n<p>Respons\u00e1vel por manuten\u00e7\u00e3o e conserva\u00e7\u00e3o da rodovia, a Rota das Fronteiras, especificamente, vai investir R$ 3,6 bilh\u00f5es durante a concess\u00e3o, segundo informa\u00e7\u00e3o disponibilizada pela empresa na Internet. A cobran\u00e7a do ped\u00e1gio come\u00e7ar\u00e1 apenas depois da entrega da duplica\u00e7\u00e3o de cada trecho.<\/p>\n<p>A parte do projeto que foi enquadrada no Reidi hoje est\u00e1 or\u00e7ada em R$ 1,516 bilh\u00e3o, segundo a portaria publicada. O valor de R$ 55,35 milh\u00f5es refere-se ao benef\u00edcio do regime, que suspende a incid\u00eancia de alguns tributos federais sobre bens adquiridos em fun\u00e7\u00e3o dos investimentos, tornando-os mais baratos.<\/p>\n<p>Fonte: Valor Econ\u00f4mico\/M\u00f4nica Izaguirre<\/p>\n","protected":false},"excerpt":{"rendered":"<p>O governo federal vai dar um incentivo fiscal R$ 55,35 milh\u00f5es, no \u00e2mbito do Regime Especial de Incentivos para o Desenvolvimento da Infraestrutura (Reidi), para&#8230;<\/p>\n","protected":false},"author":1182,"featured_media":8853,"comment_status":"closed","ping_status":"closed","sticky":false,"template":"","format":"standard","meta":{"footnotes":""},"categories":[6],"tags":[],"class_list":["post-8852","post","type-post","status-publish","format-standard","has-post-thumbnail","hentry","category-noticias"],"_links":{"self":[{"href":"https:\/\/www.sincomam.org.br\/index.php\/wp-json\/wp\/v2\/posts\/8852","targetHints":{"allow":["GET"]}}],"collection":[{"href":"https:\/\/www.sincomam.org.br\/index.php\/wp-json\/wp\/v2\/posts"}],"about":[{"href":"https:\/\/www.sincomam.org.br\/index.php\/wp-json\/wp\/v2\/types\/post"}],"author":[{"embeddable":true,"href":"https:\/\/www.sincomam.org.br\/index.php\/wp-json\/wp\/v2\/users\/1182"}],"replies":[{"embeddable":true,"href":"https:\/\/www.sincomam.org.br\/index.php\/wp-json\/wp\/v2\/comments?post=8852"}],"version-history":[{"count":1,"href":"https:\/\/www.sincomam.org.br\/index.php\/wp-json\/wp\/v2\/posts\/8852\/revisions"}],"predecessor-version":[{"id":8854,"href":"https:\/\/www.sincomam.org.br\/index.php\/wp-json\/wp\/v2\/posts\/8852\/revisions\/8854"}],"wp:featuredmedia":[{"embeddable":true,"href":"https:\/\/www.sincomam.org.br\/index.php\/wp-json\/wp\/v2\/media\/8853"}],"wp:attachment":[{"href":"https:\/\/www.sincomam.org.br\/index.php\/wp-json\/wp\/v2\/media?parent=8852"}],"wp:term":[{"taxonomy":"category","embeddable":true,"href":"https:\/\/www.sincomam.org.br\/index.php\/wp-json\/wp\/v2\/categories?post=8852"},{"taxonomy":"post_tag","embeddable":true,"href":"https:\/\/www.sincomam.org.br\/index.php\/wp-json\/wp\/v2\/tags?post=8852"}],"curies":[{"name":"wp","href":"https:\/\/api.w.org\/{rel}","templated":true}]}}