{"id":8848,"date":"2014-11-05T08:14:08","date_gmt":"2014-11-05T10:14:08","guid":{"rendered":"http:\/\/www.sincomam.org.br\/?p=8848"},"modified":"2014-10-28T09:22:13","modified_gmt":"2014-10-28T11:22:13","slug":"antaq-faz-audiencia-publica-sobre-edital-de-licitacao-do-terminal-de-trigo-do-porto-do-rio-de-janeiro","status":"publish","type":"post","link":"https:\/\/www.sincomam.org.br\/index.php\/antaq-faz-audiencia-publica-sobre-edital-de-licitacao-do-terminal-de-trigo-do-porto-do-rio-de-janeiro\/","title":{"rendered":"Antaq faz audi\u00eancia p\u00fablica sobre edital de licita\u00e7\u00e3o do terminal de trigo do porto do Rio de Janeiro"},"content":{"rendered":"<p>O diretor-geral da Antaq, M\u00e1rio Povia, instaurou procedimento de consulta e audi\u00eancia p\u00fablica visando a obten\u00e7\u00e3o de subs\u00eddios para aprimoramento das minutas de edital, contrato de arrendamento e documentos t\u00e9cnicos relativos \u00e0 futura realiza\u00e7\u00e3o de certame licitat\u00f3rio para arrendamento do Terminal de Trigo do Porto do Rio de Janeiro (RJ).<\/p>\n<p>A resolu\u00e7\u00e3o saiu publicada na edi\u00e7\u00e3o de ontem, segunda-feira (27), Se\u00e7\u00e3o I, do Di\u00e1rio Oficial da Uni\u00e3o.<\/p>\n<p>A consulta e a audi\u00eancia p\u00fablicas ser\u00e3o realizadas no per\u00edodo de 29 de outubro a 27 de novembro. A data e o local da audi\u00eancia p\u00fablica presencial n\u00e3o foram definidos at\u00e9 o momento.<\/p>\n<p>Fonte: Antaq<\/p>\n","protected":false},"excerpt":{"rendered":"<p>O diretor-geral da Antaq, M\u00e1rio Povia, instaurou procedimento de consulta e audi\u00eancia p\u00fablica visando a obten\u00e7\u00e3o de subs\u00eddios para aprimoramento das minutas de edital, contrato&#8230;<\/p>\n","protected":false},"author":1182,"featured_media":6017,"comment_status":"closed","ping_status":"closed","sticky":false,"template":"","format":"standard","meta":{"footnotes":""},"categories":[6],"tags":[],"class_list":["post-8848","post","type-post","status-publish","format-standard","has-post-thumbnail","hentry","category-noticias"],"_links":{"self":[{"href":"https:\/\/www.sincomam.org.br\/index.php\/wp-json\/wp\/v2\/posts\/8848","targetHints":{"allow":["GET"]}}],"collection":[{"href":"https:\/\/www.sincomam.org.br\/index.php\/wp-json\/wp\/v2\/posts"}],"about":[{"href":"https:\/\/www.sincomam.org.br\/index.php\/wp-json\/wp\/v2\/types\/post"}],"author":[{"embeddable":true,"href":"https:\/\/www.sincomam.org.br\/index.php\/wp-json\/wp\/v2\/users\/1182"}],"replies":[{"embeddable":true,"href":"https:\/\/www.sincomam.org.br\/index.php\/wp-json\/wp\/v2\/comments?post=8848"}],"version-history":[{"count":1,"href":"https:\/\/www.sincomam.org.br\/index.php\/wp-json\/wp\/v2\/posts\/8848\/revisions"}],"predecessor-version":[{"id":8849,"href":"https:\/\/www.sincomam.org.br\/index.php\/wp-json\/wp\/v2\/posts\/8848\/revisions\/8849"}],"wp:featuredmedia":[{"embeddable":true,"href":"https:\/\/www.sincomam.org.br\/index.php\/wp-json\/wp\/v2\/media\/6017"}],"wp:attachment":[{"href":"https:\/\/www.sincomam.org.br\/index.php\/wp-json\/wp\/v2\/media?parent=8848"}],"wp:term":[{"taxonomy":"category","embeddable":true,"href":"https:\/\/www.sincomam.org.br\/index.php\/wp-json\/wp\/v2\/categories?post=8848"},{"taxonomy":"post_tag","embeddable":true,"href":"https:\/\/www.sincomam.org.br\/index.php\/wp-json\/wp\/v2\/tags?post=8848"}],"curies":[{"name":"wp","href":"https:\/\/api.w.org\/{rel}","templated":true}]}}