{"id":8794,"date":"2014-11-05T08:18:38","date_gmt":"2014-11-05T10:18:38","guid":{"rendered":"http:\/\/www.sincomam.org.br\/?p=8794"},"modified":"2014-10-28T01:00:38","modified_gmt":"2014-10-28T03:00:38","slug":"transporte-de-cargas-tem-projecao-de-aumento-de-125-ate-2016","status":"publish","type":"post","link":"https:\/\/www.sincomam.org.br\/index.php\/transporte-de-cargas-tem-projecao-de-aumento-de-125-ate-2016\/","title":{"rendered":"Transporte de cargas tem proje\u00e7\u00e3o de aumento de 12,5% at\u00e9 2016"},"content":{"rendered":"<p><strong><em>Proje\u00e7\u00e3o \u00e9 de que o transporte de cargas por ferrovias chegue a 550 milh\u00f5es em dois anos<\/em><\/strong><\/p>\n<p>A proje\u00e7\u00e3o da ANTF (Associa\u00e7\u00e3o Nacional dos Transportadores Ferrovi\u00e1rios) \u00e9 que o transporte de cargas por ferrovias tenha um crescimento de 12,5% a curto prazo, podendo chegar a 550 milh\u00f5es de toneladas \u00fateis at\u00e9 2016. Segundo a associa\u00e7\u00e3o, nos \u00faltimos 17 anos, o setor cresceu 80% e os projetos e pol\u00edticas p\u00fablicas do Governo deram novo est\u00edmulo ao modal. Segundo o presidente da ANTF, Gustavo Bambini, o momento \u00e9 positivo.<\/p>\n<p>\u201cDesde a segunda metade dos anos 90, com as concess\u00f5es, a ferrovia n\u00e3o surgia com tanta for\u00e7a na agenda nacional. Os esfor\u00e7os do Governo para criar uma pol\u00edtica p\u00fablica efetiva para o setor, concentrada no PIL (Programa de Investimentos em Log\u00edstica), fortaleceu os investimentos no modal\u201d, diz.<\/p>\n<p>Para ele esses fortalecimentos foram concentrados em alguns segmentos em particular, como o transporte de carga geral e de gr\u00e3os, que t\u00eam demonstrado grande vigor, quando se trata de demanda crescente e vantagens competitivas.<\/p>\n<p>Potencialmente, considerando novos trechos e a manuten\u00e7\u00e3o dos investimentos das atuais concession\u00e1rias, a participa\u00e7\u00e3o do trem no mix de transporte de cargas tem condi\u00e7\u00f5es para saltar dos atuais 30% para algo em torno de 45% at\u00e9 2031, segundo estudos recentes. O presidente enxerga nestas novas perspectivas uma oportunidade favor\u00e1vel de crescimento para o setor em todos os sentidos. \u201cExiste um entendimento, amplamente disseminado, da import\u00e2ncia central das ferrovias de carga para a competitividade da ind\u00fastria nacional, para o equil\u00edbrio da balan\u00e7a comercial e para todos os ganhos sociais decorrentes, tanto em termos de gera\u00e7\u00e3o de emprego e renda, quanto para o desenvolvimento local e a da mobilidade urbana de nossas cidades\u201d, avalia Bambini.<\/p>\n<p>Fonte: Guia Mar\u00edtimo<\/p>\n","protected":false},"excerpt":{"rendered":"<p>Proje\u00e7\u00e3o \u00e9 de que o transporte de cargas por ferrovias chegue a 550 milh\u00f5es em dois anos A proje\u00e7\u00e3o da ANTF (Associa\u00e7\u00e3o Nacional dos Transportadores&#8230;<\/p>\n","protected":false},"author":1182,"featured_media":8795,"comment_status":"closed","ping_status":"closed","sticky":false,"template":"","format":"standard","meta":{"footnotes":""},"categories":[6],"tags":[],"class_list":["post-8794","post","type-post","status-publish","format-standard","has-post-thumbnail","hentry","category-noticias"],"_links":{"self":[{"href":"https:\/\/www.sincomam.org.br\/index.php\/wp-json\/wp\/v2\/posts\/8794","targetHints":{"allow":["GET"]}}],"collection":[{"href":"https:\/\/www.sincomam.org.br\/index.php\/wp-json\/wp\/v2\/posts"}],"about":[{"href":"https:\/\/www.sincomam.org.br\/index.php\/wp-json\/wp\/v2\/types\/post"}],"author":[{"embeddable":true,"href":"https:\/\/www.sincomam.org.br\/index.php\/wp-json\/wp\/v2\/users\/1182"}],"replies":[{"embeddable":true,"href":"https:\/\/www.sincomam.org.br\/index.php\/wp-json\/wp\/v2\/comments?post=8794"}],"version-history":[{"count":1,"href":"https:\/\/www.sincomam.org.br\/index.php\/wp-json\/wp\/v2\/posts\/8794\/revisions"}],"predecessor-version":[{"id":8796,"href":"https:\/\/www.sincomam.org.br\/index.php\/wp-json\/wp\/v2\/posts\/8794\/revisions\/8796"}],"wp:featuredmedia":[{"embeddable":true,"href":"https:\/\/www.sincomam.org.br\/index.php\/wp-json\/wp\/v2\/media\/8795"}],"wp:attachment":[{"href":"https:\/\/www.sincomam.org.br\/index.php\/wp-json\/wp\/v2\/media?parent=8794"}],"wp:term":[{"taxonomy":"category","embeddable":true,"href":"https:\/\/www.sincomam.org.br\/index.php\/wp-json\/wp\/v2\/categories?post=8794"},{"taxonomy":"post_tag","embeddable":true,"href":"https:\/\/www.sincomam.org.br\/index.php\/wp-json\/wp\/v2\/tags?post=8794"}],"curies":[{"name":"wp","href":"https:\/\/api.w.org\/{rel}","templated":true}]}}