{"id":8774,"date":"2014-10-29T08:22:00","date_gmt":"2014-10-29T10:22:00","guid":{"rendered":"http:\/\/www.sincomam.org.br\/?p=8774"},"modified":"2014-10-27T12:10:48","modified_gmt":"2014-10-27T14:10:48","slug":"com-pt-ou-psdb-secretaria-de-portos-deve-acabar","status":"publish","type":"post","link":"https:\/\/www.sincomam.org.br\/index.php\/com-pt-ou-psdb-secretaria-de-portos-deve-acabar\/","title":{"rendered":"Com PT ou PSDB, Secretaria de Portos deve acabar"},"content":{"rendered":"<p>Independentemente do resultado das urnas ocorrido no 2.\u00ba turno, o destino de um minist\u00e9rio da \u00e1rea de infraestrutura j\u00e1 est\u00e1 definido. Mal avaliada pelo mercado e pelo pr\u00f3prio governo federal, a Secretaria de Portos (SEP) deve deixar de existir tanto em um novo mandato do PT quanto em uma gest\u00e3o do PSDB.<\/p>\n<p>Com status de minist\u00e9rio adquirido em 2007, a SEP n\u00e3o conseguiu levar adiante o processo de concess\u00f5es de portos planejado por Dilma e deve voltar a ser uma secretaria do Minist\u00e9rio dos Transportes, caso a presidenta seja reeleita.<\/p>\n<p>Em caso de vit\u00f3ria do PSDB, a pasta seria engolida pelo Superminist\u00e9rio de Infraestrutura prometido por A\u00e9cio, que reuniria as pastas de Energia, Transportes e Comunica\u00e7\u00f5es.<\/p>\n<p>O candidato ainda n\u00e3o disse quem poderia ocupar a pasta, que seria respons\u00e1vel por toda a \u00e1rea de log\u00edstica, mas o nome de seu bra\u00e7o direito, o senador eleito Antonio Anastasia, \u00e9 um dos mais cotados. Ele tamb\u00e9m \u00e9 citado para a Casa Civil.<\/p>\n<p>J\u00e1 a perman\u00eancia do PT no governo n\u00e3o deve trazer grande renova\u00e7\u00e3o na \u00e1rea. O atual ministro dos Transportes, Paulo S\u00e9rgio Passos, fez parte da solu\u00e7\u00e3o de uma rela\u00e7\u00e3o conturbada entre o Pal\u00e1cio do Planalto e o PR, que culminou com a sa\u00edda do ent\u00e3o ministro C\u00e9sar Borges, realocado justamente na pasta dos Portos, em meados deste ano.<\/p>\n<p>Na Esplanada dos Minist\u00e9rios circula a informa\u00e7\u00e3o de que Passos poderia permanecer \u00e0 frente da \u00e1rea como homem de confian\u00e7a de Dilma no setor, mas tamb\u00e9m j\u00e1 se cogita um eventual retorno de Borges ao comando da pasta, pois Dilma dificilmente abriria m\u00e3o do ex-governador baiano no governo.<\/p>\n<p>As informa\u00e7\u00f5es s\u00e3o do jornal O Estado de S. Paulo.<\/p>\n<p>Fonte: Exame.com<\/p>\n","protected":false},"excerpt":{"rendered":"<p>Independentemente do resultado das urnas ocorrido no 2.\u00ba turno, o destino de um minist\u00e9rio da \u00e1rea de infraestrutura j\u00e1 est\u00e1 definido. Mal avaliada pelo mercado&#8230;<\/p>\n","protected":false},"author":1182,"featured_media":286,"comment_status":"closed","ping_status":"closed","sticky":false,"template":"","format":"standard","meta":{"footnotes":""},"categories":[6],"tags":[],"class_list":["post-8774","post","type-post","status-publish","format-standard","has-post-thumbnail","hentry","category-noticias"],"_links":{"self":[{"href":"https:\/\/www.sincomam.org.br\/index.php\/wp-json\/wp\/v2\/posts\/8774","targetHints":{"allow":["GET"]}}],"collection":[{"href":"https:\/\/www.sincomam.org.br\/index.php\/wp-json\/wp\/v2\/posts"}],"about":[{"href":"https:\/\/www.sincomam.org.br\/index.php\/wp-json\/wp\/v2\/types\/post"}],"author":[{"embeddable":true,"href":"https:\/\/www.sincomam.org.br\/index.php\/wp-json\/wp\/v2\/users\/1182"}],"replies":[{"embeddable":true,"href":"https:\/\/www.sincomam.org.br\/index.php\/wp-json\/wp\/v2\/comments?post=8774"}],"version-history":[{"count":1,"href":"https:\/\/www.sincomam.org.br\/index.php\/wp-json\/wp\/v2\/posts\/8774\/revisions"}],"predecessor-version":[{"id":8775,"href":"https:\/\/www.sincomam.org.br\/index.php\/wp-json\/wp\/v2\/posts\/8774\/revisions\/8775"}],"wp:featuredmedia":[{"embeddable":true,"href":"https:\/\/www.sincomam.org.br\/index.php\/wp-json\/wp\/v2\/media\/286"}],"wp:attachment":[{"href":"https:\/\/www.sincomam.org.br\/index.php\/wp-json\/wp\/v2\/media?parent=8774"}],"wp:term":[{"taxonomy":"category","embeddable":true,"href":"https:\/\/www.sincomam.org.br\/index.php\/wp-json\/wp\/v2\/categories?post=8774"},{"taxonomy":"post_tag","embeddable":true,"href":"https:\/\/www.sincomam.org.br\/index.php\/wp-json\/wp\/v2\/tags?post=8774"}],"curies":[{"name":"wp","href":"https:\/\/api.w.org\/{rel}","templated":true}]}}