{"id":8746,"date":"2014-10-27T09:06:00","date_gmt":"2014-10-27T11:06:00","guid":{"rendered":"http:\/\/www.sincomam.org.br\/?p=8746"},"modified":"2014-10-27T09:06:00","modified_gmt":"2014-10-27T11:06:00","slug":"enem-cartao-que-indica-onde-candidato-fara-provas-sai-nesta-segunda","status":"publish","type":"post","link":"https:\/\/www.sincomam.org.br\/index.php\/enem-cartao-que-indica-onde-candidato-fara-provas-sai-nesta-segunda\/","title":{"rendered":"Enem: cart\u00e3o que indica onde candidato far\u00e1 provas sai nesta segunda"},"content":{"rendered":"<p><strong><em>Acesso pode ser feito via internet; cart\u00e3o tamb\u00e9m ir\u00e1 pelo Correio<\/em><\/strong><\/p>\n<p>Os cart\u00f5es de confirma\u00e7\u00e3o do Exame Nacional do Ensino M\u00e9dio (Enem) estar\u00e3o dispon\u00edveis a partir desta segunda-feira (27), segundo o Minist\u00e9rio da Educa\u00e7\u00e3o. Para acess\u00e1-lo, \u00e9 preciso informar o CPF e a senha de login no<a href=\"http:\/\/enem.inep.gov.br\/\" target=\"_blank\"> site de inscri\u00e7\u00f5es do Enem<\/a>. O acesso \u00e9 individual.<\/p>\n<p>O Enem 2014 acontece nos dias 8 e 9 de novembro. Segundo o MEC, o envio dos cart\u00f5es pelos Correios tamb\u00e9m ter\u00e1 in\u00edcio nesta segunda-feira. A vers\u00e3o enviada pelo correio \u00e9 a mesma que pode ser acessada pela internet.<\/p>\n<p>O cart\u00e3o confirma o endere\u00e7o e o local de provas de cada candidato, mas n\u00e3o \u00e9 obrigat\u00f3rio apresent\u00e1-lo no dia do exame para poder fazer as provas. Ele tamb\u00e9m informa se o candidato far\u00e1 a prova de linguagens com quest\u00f5es em espanhol ou ingl\u00eas (de acordo com a escolha no ato da inscri\u00e7\u00e3o), se ele se inscreveu para o Enem para conseguir o certificado de conclus\u00e3o do ensino m\u00e9dio e\/ou se ter\u00e1 acesso a atendimento especial (no caso de deficientes) ou espec\u00edfico, no caso de gestantes, lactantes, idosos e sabatistas, por exemplo.<\/p>\n<p><strong>Alerta<\/strong><\/p>\n<p>Nas \u00faltimas duas edi\u00e7\u00f5es do Enem, o cart\u00e3o de confirma\u00e7\u00e3o foi divulgado pelo Instituto Nacional de Estudos e Pesquisas Educacionais An\u00edsio Teixeira (Inep) pouco mais de 20 dias antes das provas. Neste ano, por\u00e9m, a distribui\u00e7\u00e3o via Correios e pela internet ser\u00e1 feita com anteced\u00eancia de menos de duas semanas. A expectativa do cart\u00e3o por parte dos candidatos fez com que o Inep divulgasse, na semana passada, um alerta no site oficial do exame.<\/p>\n<p>O aviso do Inep era quanto \u00e0 falsidade de um e-mail endere\u00e7o a candidatos do Enem sobre poss\u00edveis erros em sua inscri\u00e7\u00e3o.<\/p>\n<p>Em 2013, as provas aconteceram nos dias 26 e 27 de outubro e os cart\u00f5es come\u00e7aram a ser enviados a partir do dia 1\u00ba de outubro. J\u00e1 em 2012, a prova aconteceu em 3 e 4 de novembro, e o envio do cart\u00e3o come\u00e7ou no dia 10 de outubro.<\/p>\n<p>Neste ano, o Enem tem mais de 8,7 milh\u00f5es de candidatos com a inscri\u00e7\u00e3o regularizada e que, segundo o Minist\u00e9rio da Educa\u00e7\u00e3o, poder\u00e3o participar das provas nos dias 8 e 9. O n\u00famero \u00e9 21% mais alto do que na edi\u00e7\u00e3o de 2013 do exame.<\/p>\n<p><strong>Realiza\u00e7\u00e3o das provas<\/strong><\/p>\n<p>Assim como nos anos anteriores, o Enem ocorrer\u00e1 em dois dias seguidos. No s\u00e1bado, dia 8 de novembro, os participantes far\u00e3o as provas de ci\u00eancias humanas e ci\u00eancias da natureza, das 13h \u00e0s 17h30 (hor\u00e1rio de Bras\u00edlia). No domingo, dia 9 de novembro, ser\u00e3o aplicadas as provas de linguagens e c\u00f3digos, matem\u00e1tica e reda\u00e7\u00e3o. Nessa data, o tempo do exame ser\u00e1 mais longo, entre as 13h e as 18h30 (hor\u00e1rio de Bras\u00edlia).<\/p>\n<p>Segundo o MEC, ser\u00e3o impressas 18,3 milh\u00f5es de provas (incluindo normal, ampliada, ledor e braile \u2013 estas tr\u00eas \u00faltimas, para quem tem diferentes graus de defici\u00eancia visual) em 1.699 munic\u00edpios do pa\u00eds. Este ano, 785 mil funcion\u00e1rios v\u00e3o ajudar na realiza\u00e7\u00e3o do Enem, entre coordenadores de locais de aplica\u00e7\u00e3o, assistentes de coordena\u00e7\u00e3o, chefes de sala, fiscais e apoio. Em todo o Brasil, haver\u00e1 16,6 mil locais de exame.<\/p>\n<p>Fonte: G1<\/p>\n","protected":false},"excerpt":{"rendered":"<p>Acesso pode ser feito via internet; cart\u00e3o tamb\u00e9m ir\u00e1 pelo Correio Os cart\u00f5es de confirma\u00e7\u00e3o do Exame Nacional do Ensino M\u00e9dio (Enem) estar\u00e3o dispon\u00edveis a&#8230;<\/p>\n","protected":false},"author":1182,"featured_media":8747,"comment_status":"closed","ping_status":"closed","sticky":false,"template":"","format":"standard","meta":{"footnotes":""},"categories":[6],"tags":[],"class_list":["post-8746","post","type-post","status-publish","format-standard","has-post-thumbnail","hentry","category-noticias"],"_links":{"self":[{"href":"https:\/\/www.sincomam.org.br\/index.php\/wp-json\/wp\/v2\/posts\/8746","targetHints":{"allow":["GET"]}}],"collection":[{"href":"https:\/\/www.sincomam.org.br\/index.php\/wp-json\/wp\/v2\/posts"}],"about":[{"href":"https:\/\/www.sincomam.org.br\/index.php\/wp-json\/wp\/v2\/types\/post"}],"author":[{"embeddable":true,"href":"https:\/\/www.sincomam.org.br\/index.php\/wp-json\/wp\/v2\/users\/1182"}],"replies":[{"embeddable":true,"href":"https:\/\/www.sincomam.org.br\/index.php\/wp-json\/wp\/v2\/comments?post=8746"}],"version-history":[{"count":1,"href":"https:\/\/www.sincomam.org.br\/index.php\/wp-json\/wp\/v2\/posts\/8746\/revisions"}],"predecessor-version":[{"id":8748,"href":"https:\/\/www.sincomam.org.br\/index.php\/wp-json\/wp\/v2\/posts\/8746\/revisions\/8748"}],"wp:featuredmedia":[{"embeddable":true,"href":"https:\/\/www.sincomam.org.br\/index.php\/wp-json\/wp\/v2\/media\/8747"}],"wp:attachment":[{"href":"https:\/\/www.sincomam.org.br\/index.php\/wp-json\/wp\/v2\/media?parent=8746"}],"wp:term":[{"taxonomy":"category","embeddable":true,"href":"https:\/\/www.sincomam.org.br\/index.php\/wp-json\/wp\/v2\/categories?post=8746"},{"taxonomy":"post_tag","embeddable":true,"href":"https:\/\/www.sincomam.org.br\/index.php\/wp-json\/wp\/v2\/tags?post=8746"}],"curies":[{"name":"wp","href":"https:\/\/api.w.org\/{rel}","templated":true}]}}