{"id":8737,"date":"2014-10-27T08:04:01","date_gmt":"2014-10-27T10:04:01","guid":{"rendered":"http:\/\/www.sincomam.org.br\/?p=8737"},"modified":"2014-10-26T22:47:11","modified_gmt":"2014-10-27T00:47:11","slug":"dilma-agradece-vitoria-o-brasil-decidiu-dilmais-4-anos","status":"publish","type":"post","link":"https:\/\/www.sincomam.org.br\/index.php\/dilma-agradece-vitoria-o-brasil-decidiu-dilmais-4-anos\/","title":{"rendered":"Dilma agradece vit\u00f3ria: \u201cO Brasil decidiu #Dilmais 4 anos\u201d"},"content":{"rendered":"<p>Em seu perfil oficial no Facebook, a presidente Dilma Rousseff (PT) agradeceu h\u00e1 pouco aos eleitores por sua vit\u00f3ria nas elei\u00e7\u00f5es presidenciais. Reeeleita, Dilma postou uma imagem exibindo o \u201cV\u201d da vit\u00f3ria com os seguintes dizeres: \u201cO Brasil decidiu #Dilmais 4 anos\u201d.<\/p>\n<p>Com 99% das urnas apuradas, Dilma venceu o senador A\u00e9cio Neves (PSDB) por pequena margem, com 51,45%.<\/p>\n<p>At\u00e9 \u00e0s 20h51, o perfil oficial de A\u00e9cio ainda n\u00e3o havia comentado o resultado das elei\u00e7\u00f5es. Seu \u00faltimo post, publicado pouco antes das 20h, ainda tratava da ansiedade pela apura\u00e7\u00e3o. \u201cTensos com a apura\u00e7\u00e3o? Vamos torcer pelo Brasil!\u201d, afirmava.<\/p>\n<p>Fonte: Valor online<\/p>\n","protected":false},"excerpt":{"rendered":"<p>Em seu perfil oficial no Facebook, a presidente Dilma Rousseff (PT) agradeceu h\u00e1 pouco aos eleitores por sua vit\u00f3ria nas elei\u00e7\u00f5es presidenciais. Reeeleita, Dilma postou&#8230;<\/p>\n","protected":false},"author":1182,"featured_media":5747,"comment_status":"closed","ping_status":"closed","sticky":false,"template":"","format":"standard","meta":{"footnotes":""},"categories":[6],"tags":[],"class_list":["post-8737","post","type-post","status-publish","format-standard","has-post-thumbnail","hentry","category-noticias"],"_links":{"self":[{"href":"https:\/\/www.sincomam.org.br\/index.php\/wp-json\/wp\/v2\/posts\/8737","targetHints":{"allow":["GET"]}}],"collection":[{"href":"https:\/\/www.sincomam.org.br\/index.php\/wp-json\/wp\/v2\/posts"}],"about":[{"href":"https:\/\/www.sincomam.org.br\/index.php\/wp-json\/wp\/v2\/types\/post"}],"author":[{"embeddable":true,"href":"https:\/\/www.sincomam.org.br\/index.php\/wp-json\/wp\/v2\/users\/1182"}],"replies":[{"embeddable":true,"href":"https:\/\/www.sincomam.org.br\/index.php\/wp-json\/wp\/v2\/comments?post=8737"}],"version-history":[{"count":1,"href":"https:\/\/www.sincomam.org.br\/index.php\/wp-json\/wp\/v2\/posts\/8737\/revisions"}],"predecessor-version":[{"id":8738,"href":"https:\/\/www.sincomam.org.br\/index.php\/wp-json\/wp\/v2\/posts\/8737\/revisions\/8738"}],"wp:featuredmedia":[{"embeddable":true,"href":"https:\/\/www.sincomam.org.br\/index.php\/wp-json\/wp\/v2\/media\/5747"}],"wp:attachment":[{"href":"https:\/\/www.sincomam.org.br\/index.php\/wp-json\/wp\/v2\/media?parent=8737"}],"wp:term":[{"taxonomy":"category","embeddable":true,"href":"https:\/\/www.sincomam.org.br\/index.php\/wp-json\/wp\/v2\/categories?post=8737"},{"taxonomy":"post_tag","embeddable":true,"href":"https:\/\/www.sincomam.org.br\/index.php\/wp-json\/wp\/v2\/tags?post=8737"}],"curies":[{"name":"wp","href":"https:\/\/api.w.org\/{rel}","templated":true}]}}