{"id":8710,"date":"2014-11-04T08:00:12","date_gmt":"2014-11-04T10:00:12","guid":{"rendered":"http:\/\/www.sincomam.org.br\/?p=8710"},"modified":"2014-10-25T12:55:40","modified_gmt":"2014-10-25T14:55:40","slug":"estao-abertas-as-inscricoes-para-o-premio-nacional-de-inovacao","status":"publish","type":"post","link":"https:\/\/www.sincomam.org.br\/index.php\/estao-abertas-as-inscricoes-para-o-premio-nacional-de-inovacao\/","title":{"rendered":"Est\u00e3o abertas as inscri\u00e7\u00f5es para o Pr\u00eamio Nacional de Inova\u00e7\u00e3o"},"content":{"rendered":"<p>Come\u00e7am nesta quarta-feira (22) e v\u00e3o at\u00e9 7 de dezembro as inscri\u00e7\u00f5es para o Pr\u00eamio Nacional de Inova\u00e7\u00e3o Edi\u00e7\u00e3o 2014\/2015.<\/p>\n<p>Podem concorrer empresas de micro, pequeno, m\u00e9dio e grande portes de todo o Brasil que disputar\u00e3o R$ 900 mil pr\u00e9-aprovados no Edital Senai Sesi de Inova\u00e7\u00e3o, al\u00e9m de miss\u00e3o t\u00e9cnica internacional e cursos de educa\u00e7\u00e3o executiva. Os projetos devem ser inscritos exclusivamente pela internet, na p\u00e1gina da premia\u00e7\u00e3o.<\/p>\n<p>O Pr\u00eamio Nacional de Inova\u00e7\u00e3o \u00e9 uma iniciativa da Mobiliza\u00e7\u00e3o Empresarial pela Inova\u00e7\u00e3o (MEI), realizado pela Confedera\u00e7\u00e3o Nacional da Ind\u00fastria (CNI), o Servi\u00e7o de Apoio \u00e0s Micro e Pequenas Empresas (Sebrae) e o Movimento Brasil Competitivo (MBC).<\/p>\n<p>&#8220;A capacidade de inovar \u00e9 fundamental para mostrar como a inova\u00e7\u00e3o eleva os lucros e se converte em crescimento econ\u00f4mico e mais oportunidades para o pa\u00eds\u201d, destaca a diretora de inova\u00e7\u00e3o da Confedera\u00e7\u00e3o Nacional da Ind\u00fastria (CNI), Gianna Sag\u00e1zio.<\/p>\n<p>Para o presidente do Conselho Superior do MBC, Elcio Anibal de Lucca, o Pr\u00eamio consolida um movimento em busca da inova\u00e7\u00e3o, ativo chave para gerar competitividade. \u201cAs empresas que desejam se manter competitivas no mercado devem ser capazes de se reinventar \u00e0 velocidade demandada pelos novos anseios e necessidades da popula\u00e7\u00e3o. Por isso a import\u00e2ncia de reconhecer iniciativas que valorizam ideias e solu\u00e7\u00f5es criativas no setor industrial brasileiro\u201d, afirma Lucca.<\/p>\n<p>\u201cAt\u00e9 pouco tempo, havia o mito de que investir em tecnologia era algo caro e restrito a grandes empreendimentos. Buscamos desmistificar a concep\u00e7\u00e3o que alguns empreendedores t\u00eam de que inova\u00e7\u00e3o exige altos recursos ou que se limita a equipamentos tecnol\u00f3gicos. A inova\u00e7\u00e3o em processos de gest\u00e3o ou controle de desperd\u00edcio pode levar, por exemplo, a uma maior produtividade e redu\u00e7\u00e3o de custos\u201d, competa o presidente do Sebrae, Luiz Barretto.<\/p>\n<p>Nas tr\u00eas \u00faltimas edi\u00e7\u00f5es de Pr\u00eamio, houve expressivo crescimento do n\u00famero de projetos inscritos \u2013 prova de que a inova\u00e7\u00e3o se consolida como principal instrumento de conquista de novos mercados.<\/p>\n<p>Em 2011, foram 427. Em 2012, 981. J\u00e1 no ano passado, foi registrado um recorde: 2022 inscri\u00e7\u00f5es.<\/p>\n<p>Fonte: CNI<\/p>\n","protected":false},"excerpt":{"rendered":"<p>Come\u00e7am nesta quarta-feira (22) e v\u00e3o at\u00e9 7 de dezembro as inscri\u00e7\u00f5es para o Pr\u00eamio Nacional de Inova\u00e7\u00e3o Edi\u00e7\u00e3o 2014\/2015. Podem concorrer empresas de micro,&#8230;<\/p>\n","protected":false},"author":1182,"featured_media":3546,"comment_status":"closed","ping_status":"closed","sticky":false,"template":"","format":"standard","meta":{"footnotes":""},"categories":[6],"tags":[],"class_list":["post-8710","post","type-post","status-publish","format-standard","has-post-thumbnail","hentry","category-noticias"],"_links":{"self":[{"href":"https:\/\/www.sincomam.org.br\/index.php\/wp-json\/wp\/v2\/posts\/8710","targetHints":{"allow":["GET"]}}],"collection":[{"href":"https:\/\/www.sincomam.org.br\/index.php\/wp-json\/wp\/v2\/posts"}],"about":[{"href":"https:\/\/www.sincomam.org.br\/index.php\/wp-json\/wp\/v2\/types\/post"}],"author":[{"embeddable":true,"href":"https:\/\/www.sincomam.org.br\/index.php\/wp-json\/wp\/v2\/users\/1182"}],"replies":[{"embeddable":true,"href":"https:\/\/www.sincomam.org.br\/index.php\/wp-json\/wp\/v2\/comments?post=8710"}],"version-history":[{"count":1,"href":"https:\/\/www.sincomam.org.br\/index.php\/wp-json\/wp\/v2\/posts\/8710\/revisions"}],"predecessor-version":[{"id":8711,"href":"https:\/\/www.sincomam.org.br\/index.php\/wp-json\/wp\/v2\/posts\/8710\/revisions\/8711"}],"wp:featuredmedia":[{"embeddable":true,"href":"https:\/\/www.sincomam.org.br\/index.php\/wp-json\/wp\/v2\/media\/3546"}],"wp:attachment":[{"href":"https:\/\/www.sincomam.org.br\/index.php\/wp-json\/wp\/v2\/media?parent=8710"}],"wp:term":[{"taxonomy":"category","embeddable":true,"href":"https:\/\/www.sincomam.org.br\/index.php\/wp-json\/wp\/v2\/categories?post=8710"},{"taxonomy":"post_tag","embeddable":true,"href":"https:\/\/www.sincomam.org.br\/index.php\/wp-json\/wp\/v2\/tags?post=8710"}],"curies":[{"name":"wp","href":"https:\/\/api.w.org\/{rel}","templated":true}]}}