{"id":8706,"date":"2014-11-03T08:19:17","date_gmt":"2014-11-03T10:19:17","guid":{"rendered":"http:\/\/www.sincomam.org.br\/?p=8706"},"modified":"2014-10-25T12:12:06","modified_gmt":"2014-10-25T14:12:06","slug":"porto-de-itajai-estuda-parceria-com-porto-espanhol","status":"publish","type":"post","link":"https:\/\/www.sincomam.org.br\/index.php\/porto-de-itajai-estuda-parceria-com-porto-espanhol\/","title":{"rendered":"Porto de Itaja\u00ed estuda parceria com porto espanhol"},"content":{"rendered":"<p><strong><em>O objetivo \u00e9 estreitar la\u00e7os comerciais e ampliar o tr\u00e1fego de cargas entre os portos de Itaja\u00ed e Alicante<\/em><\/strong><\/p>\n<p>Os superintendentes do Porto de Itaja\u00ed e Portonave (Terminais Portu\u00e1rios Navegantes), realizaram uma reuni\u00e3o com os dirigentes do Puerto de Alicante, com objetivo de estreitar la\u00e7os comerciais e ampliar o tr\u00e1fego de cargas entre os portos de Itaja\u00ed e Alicante.<\/p>\n<p>Para Carmen Jim\u00e9nez, presidente do Porto de Alicante, embora o complexo opere navios de menor porte e exer\u00e7a o papel de porto de transbordo, pelo fato de estar ao lado do Porto de Val\u00eancia, um dos principais da Espanha, existem possibilidades de parcerias comerciais com Itaja\u00ed, uma vez que a Espanha tem interesse nas exporta\u00e7\u00f5es brasileiras. O presidente do porto alicantino explicou que, pelo fato do porto espanhol operar cont\u00eaineres e navios Ro-ro, h\u00e1 possibilidades de parcerias entre os dois portos, que apresentam algumas caracter\u00edsticas bem semelhantes.<\/p>\n<p>O Porto de Alicante \u00e9 o 10\u25e6 porto da Espanha na movimenta\u00e7\u00e3o de cargas conteinerizadas e encerrou o ano passado com 2,33 milh\u00f5es de toneladas movimentadas. O complexo tem a expectativa de chegar ao final de 2014 com 2,7 milh\u00f5es de toneladas operadas, devido ao crescimento nos volumes importados e exportados das Ilhas Can\u00e1rias e pa\u00edses africanos, que t\u00eam apresentado grande crescimento. Para o superintendente do Porto de Itaja\u00ed, Ant\u00f4nio Ayres dos Santos J\u00fanior, o encontro entre os gestores dos dois portos foi bastante proveitoso e pode render frutos futuros.<\/p>\n<p>Fonte: Guia Mar\u00edtimo<\/p>\n","protected":false},"excerpt":{"rendered":"<p>O objetivo \u00e9 estreitar la\u00e7os comerciais e ampliar o tr\u00e1fego de cargas entre os portos de Itaja\u00ed e Alicante Os superintendentes do Porto de Itaja\u00ed&#8230;<\/p>\n","protected":false},"author":1182,"featured_media":6990,"comment_status":"closed","ping_status":"closed","sticky":false,"template":"","format":"standard","meta":{"footnotes":""},"categories":[6],"tags":[],"class_list":["post-8706","post","type-post","status-publish","format-standard","has-post-thumbnail","hentry","category-noticias"],"_links":{"self":[{"href":"https:\/\/www.sincomam.org.br\/index.php\/wp-json\/wp\/v2\/posts\/8706","targetHints":{"allow":["GET"]}}],"collection":[{"href":"https:\/\/www.sincomam.org.br\/index.php\/wp-json\/wp\/v2\/posts"}],"about":[{"href":"https:\/\/www.sincomam.org.br\/index.php\/wp-json\/wp\/v2\/types\/post"}],"author":[{"embeddable":true,"href":"https:\/\/www.sincomam.org.br\/index.php\/wp-json\/wp\/v2\/users\/1182"}],"replies":[{"embeddable":true,"href":"https:\/\/www.sincomam.org.br\/index.php\/wp-json\/wp\/v2\/comments?post=8706"}],"version-history":[{"count":1,"href":"https:\/\/www.sincomam.org.br\/index.php\/wp-json\/wp\/v2\/posts\/8706\/revisions"}],"predecessor-version":[{"id":8707,"href":"https:\/\/www.sincomam.org.br\/index.php\/wp-json\/wp\/v2\/posts\/8706\/revisions\/8707"}],"wp:featuredmedia":[{"embeddable":true,"href":"https:\/\/www.sincomam.org.br\/index.php\/wp-json\/wp\/v2\/media\/6990"}],"wp:attachment":[{"href":"https:\/\/www.sincomam.org.br\/index.php\/wp-json\/wp\/v2\/media?parent=8706"}],"wp:term":[{"taxonomy":"category","embeddable":true,"href":"https:\/\/www.sincomam.org.br\/index.php\/wp-json\/wp\/v2\/categories?post=8706"},{"taxonomy":"post_tag","embeddable":true,"href":"https:\/\/www.sincomam.org.br\/index.php\/wp-json\/wp\/v2\/tags?post=8706"}],"curies":[{"name":"wp","href":"https:\/\/api.w.org\/{rel}","templated":true}]}}