{"id":8697,"date":"2014-11-03T08:12:48","date_gmt":"2014-11-03T10:12:48","guid":{"rendered":"http:\/\/www.sincomam.org.br\/?p=8697"},"modified":"2014-10-25T11:14:26","modified_gmt":"2014-10-25T13:14:26","slug":"antaq-celebra-contrato-de-adesao-com-a-empresa-cutrale","status":"publish","type":"post","link":"https:\/\/www.sincomam.org.br\/index.php\/antaq-celebra-contrato-de-adesao-com-a-empresa-cutrale\/","title":{"rendered":"ANTAQ celebra contrato de ades\u00e3o com a empresa Cutrale"},"content":{"rendered":"<p>A Uni\u00e3o, por interm\u00e9dio da ANTAQ, celebrou com a empresa Sucoc\u00edtrico Cutrale Ltda. contrato de ades\u00e3o adaptado \u00e0 Lei n\u00ba 12.815\/2013. A assinatura aconteceu em meados de outubro na sede da Ag\u00eancia, em Bras\u00edlia. Pela ANTAQ, participaram os diretores M\u00e1rio Povia (diretor-geral), Fernando Fonseca e Adalberto Tokarski, e pela empresa o representante da Diretoria, M\u00e1rcio Ramos de Queiroz.<\/p>\n<p>Com a assinatura do contrato, a empresa fica autorizada a explorar instala\u00e7\u00e3o portu\u00e1ria na modalidade Terminal de Uso Privado, denominada Sucoc\u00edtrico Cutrale Ltda., localizada na margem esquerda do Porto de Santos \u2013 Guaruj\u00e1 (SP). A autoriza\u00e7\u00e3o compreende a movimenta\u00e7\u00e3o e armazenagem de gran\u00e9is l\u00edquidos e gran\u00e9is s\u00f3lidos, resultantes e\/ou derivados da industrializa\u00e7\u00e3o de produtos da agricultura, gr\u00e3os e produtos agr\u00edcolas \u201cin natura\u201d. A \u00e1rea autorizada para explora\u00e7\u00e3o da instala\u00e7\u00e3o portu\u00e1ria corresponde a 176.219,48 metros quadrados.<\/p>\n<p>A autoriza\u00e7\u00e3o do terminal ter\u00e1 vig\u00eancia por 25 anos contados da data de assinatura do contrato de ades\u00e3o, prorrog\u00e1vel por per\u00edodos sucessivos mediante a manuten\u00e7\u00e3o da atividade pela autorizada e realiza\u00e7\u00e3o dos investimentos necess\u00e1rios \u00e0 expans\u00e3o e moderniza\u00e7\u00e3o das instala\u00e7\u00f5es portu\u00e1rias.<\/p>\n<p>Fonte: ANTAQ<\/p>\n","protected":false},"excerpt":{"rendered":"<p>A Uni\u00e3o, por interm\u00e9dio da ANTAQ, celebrou com a empresa Sucoc\u00edtrico Cutrale Ltda. contrato de ades\u00e3o adaptado \u00e0 Lei n\u00ba 12.815\/2013. A assinatura aconteceu em&#8230;<\/p>\n","protected":false},"author":1182,"featured_media":6017,"comment_status":"closed","ping_status":"closed","sticky":false,"template":"","format":"standard","meta":{"footnotes":""},"categories":[6],"tags":[],"class_list":["post-8697","post","type-post","status-publish","format-standard","has-post-thumbnail","hentry","category-noticias"],"_links":{"self":[{"href":"https:\/\/www.sincomam.org.br\/index.php\/wp-json\/wp\/v2\/posts\/8697","targetHints":{"allow":["GET"]}}],"collection":[{"href":"https:\/\/www.sincomam.org.br\/index.php\/wp-json\/wp\/v2\/posts"}],"about":[{"href":"https:\/\/www.sincomam.org.br\/index.php\/wp-json\/wp\/v2\/types\/post"}],"author":[{"embeddable":true,"href":"https:\/\/www.sincomam.org.br\/index.php\/wp-json\/wp\/v2\/users\/1182"}],"replies":[{"embeddable":true,"href":"https:\/\/www.sincomam.org.br\/index.php\/wp-json\/wp\/v2\/comments?post=8697"}],"version-history":[{"count":1,"href":"https:\/\/www.sincomam.org.br\/index.php\/wp-json\/wp\/v2\/posts\/8697\/revisions"}],"predecessor-version":[{"id":8698,"href":"https:\/\/www.sincomam.org.br\/index.php\/wp-json\/wp\/v2\/posts\/8697\/revisions\/8698"}],"wp:featuredmedia":[{"embeddable":true,"href":"https:\/\/www.sincomam.org.br\/index.php\/wp-json\/wp\/v2\/media\/6017"}],"wp:attachment":[{"href":"https:\/\/www.sincomam.org.br\/index.php\/wp-json\/wp\/v2\/media?parent=8697"}],"wp:term":[{"taxonomy":"category","embeddable":true,"href":"https:\/\/www.sincomam.org.br\/index.php\/wp-json\/wp\/v2\/categories?post=8697"},{"taxonomy":"post_tag","embeddable":true,"href":"https:\/\/www.sincomam.org.br\/index.php\/wp-json\/wp\/v2\/tags?post=8697"}],"curies":[{"name":"wp","href":"https:\/\/api.w.org\/{rel}","templated":true}]}}