{"id":8684,"date":"2014-10-31T08:32:18","date_gmt":"2014-10-31T10:32:18","guid":{"rendered":"http:\/\/www.sincomam.org.br\/?p=8684"},"modified":"2014-10-25T10:53:10","modified_gmt":"2014-10-25T12:53:10","slug":"mais-dois-armazens-do-porto-do-recife-ganham-vida-nova-e-servicos","status":"publish","type":"post","link":"https:\/\/www.sincomam.org.br\/index.php\/mais-dois-armazens-do-porto-do-recife-ganham-vida-nova-e-servicos\/","title":{"rendered":"Mais dois armaz\u00e9ns do Porto do Recife ganham vida nova e servi\u00e7os"},"content":{"rendered":"<p>Mais um empreendimento que pretende resgatar a voca\u00e7\u00e3o tur\u00edstica do Bairro do Recife est\u00e1 prestes a ser inaugurado. \u00c9 o Festival Center, um centro comercial com sete mil metros quadrados voltado ao entretenimento e \u00e0 gastronomia ao lado do Marco Zero. O espa\u00e7o vai contar com pelo menos dez restaurantes e uma casa noturna e s\u00f3 precisa de ajustes finais para ser aberto ao p\u00fablico. A previs\u00e3o \u00e9 que as primeiras lojas comecem a funcionar na pr\u00f3xima semana, mas quem passa pelo local j\u00e1 pode ter uma ideia da estrutura.<\/p>\n<p>Instalado nos armaz\u00e9ns 12 e 13 do Porto do Recife, o Festival Center segue a mesma linha arquitet\u00f4nica do Centro de Artesanato de Pernambuco. S\u00e3o edifica\u00e7\u00f5es baixas que preservam o formato dos dep\u00f3sitos de a\u00e7\u00facar e ladeadas por um cal\u00e7ad\u00e3o com vista para o Porto e o Parque das Esculturas de Francisco Brennand. A diferen\u00e7a \u00e9 que, no novo empreendimento, todas as paredes s\u00e3o de vidro. Por isso, os visitantes tamb\u00e9m podem observar o Bairro do Recife enquanto s\u00e3o atendidos. Al\u00e9m disso, todos os restaurantes disp\u00f5em de primeiro andar. Downtown, Seu Boteco e Rock &amp; Ribs s\u00e3o algumas das empresas que j\u00e1 confirmaram presen\u00e7a no centro comercial.<\/p>\n<p>A requalifica\u00e7\u00e3o custou R$ 58 milh\u00f5es e foi financiada pela iniciativa privada atrav\u00e9s do Projeto Porto Novo Recife. A previs\u00e3o inicial era que o espa\u00e7o fosse inaugurado em maio, para j\u00e1 ser utilizado durante a Copa do Mundo, mas problemas t\u00e9cnicos atrasaram a obra. Agora, com a conclus\u00e3o do servi\u00e7o, os oper\u00e1rios partem para a revitaliza\u00e7\u00e3o do armaz\u00e9m 14, que tamb\u00e9m vai abrigar espa\u00e7os de lazer. Este pr\u00e9dio deve ficar pronto em 2015, mas as obras continuam nos armaz\u00e9ns 9, 15, 16 e 17, com a constru\u00e7\u00e3o de uma marina, hotel, centro de conven\u00e7\u00f5es e empresarial.<\/p>\n<p>Fonte: Jornal do Commercio (PE)<\/p>\n","protected":false},"excerpt":{"rendered":"<p>Mais um empreendimento que pretende resgatar a voca\u00e7\u00e3o tur\u00edstica do Bairro do Recife est\u00e1 prestes a ser inaugurado. \u00c9 o Festival Center, um centro comercial&#8230;<\/p>\n","protected":false},"author":1182,"featured_media":6769,"comment_status":"closed","ping_status":"closed","sticky":false,"template":"","format":"standard","meta":{"footnotes":""},"categories":[6],"tags":[],"class_list":["post-8684","post","type-post","status-publish","format-standard","has-post-thumbnail","hentry","category-noticias"],"_links":{"self":[{"href":"https:\/\/www.sincomam.org.br\/index.php\/wp-json\/wp\/v2\/posts\/8684","targetHints":{"allow":["GET"]}}],"collection":[{"href":"https:\/\/www.sincomam.org.br\/index.php\/wp-json\/wp\/v2\/posts"}],"about":[{"href":"https:\/\/www.sincomam.org.br\/index.php\/wp-json\/wp\/v2\/types\/post"}],"author":[{"embeddable":true,"href":"https:\/\/www.sincomam.org.br\/index.php\/wp-json\/wp\/v2\/users\/1182"}],"replies":[{"embeddable":true,"href":"https:\/\/www.sincomam.org.br\/index.php\/wp-json\/wp\/v2\/comments?post=8684"}],"version-history":[{"count":1,"href":"https:\/\/www.sincomam.org.br\/index.php\/wp-json\/wp\/v2\/posts\/8684\/revisions"}],"predecessor-version":[{"id":8685,"href":"https:\/\/www.sincomam.org.br\/index.php\/wp-json\/wp\/v2\/posts\/8684\/revisions\/8685"}],"wp:featuredmedia":[{"embeddable":true,"href":"https:\/\/www.sincomam.org.br\/index.php\/wp-json\/wp\/v2\/media\/6769"}],"wp:attachment":[{"href":"https:\/\/www.sincomam.org.br\/index.php\/wp-json\/wp\/v2\/media?parent=8684"}],"wp:term":[{"taxonomy":"category","embeddable":true,"href":"https:\/\/www.sincomam.org.br\/index.php\/wp-json\/wp\/v2\/categories?post=8684"},{"taxonomy":"post_tag","embeddable":true,"href":"https:\/\/www.sincomam.org.br\/index.php\/wp-json\/wp\/v2\/tags?post=8684"}],"curies":[{"name":"wp","href":"https:\/\/api.w.org\/{rel}","templated":true}]}}