{"id":8665,"date":"2014-10-30T08:21:15","date_gmt":"2014-10-30T10:21:15","guid":{"rendered":"http:\/\/www.sincomam.org.br\/?p=8665"},"modified":"2014-10-25T10:24:18","modified_gmt":"2014-10-25T12:24:18","slug":"weg-aposta-na-geracao-de-energia-a-partir-de-fontes-sustentaveis","status":"publish","type":"post","link":"https:\/\/www.sincomam.org.br\/index.php\/weg-aposta-na-geracao-de-energia-a-partir-de-fontes-sustentaveis\/","title":{"rendered":"Weg aposta na gera\u00e7\u00e3o de energia a partir de fontes sustent\u00e1veis"},"content":{"rendered":"<p>Mais conhecida pela fabrica\u00e7\u00e3o de motores el\u00e9tricos, a Weg, de Jaragu\u00e1 do Sul, entrou de vez no estrat\u00e9gico segmento de gera\u00e7\u00e3o de energia a partir de fontes renov\u00e1veis, como o sol, o vento e a \u00e1gua.<\/p>\n<p>A aposta atende \u00e0 busca pela diversifica\u00e7\u00e3o de neg\u00f3cios, que \u00e9 a chave do sucesso da Weg, e tamb\u00e9m \u00e9 vista como um fil\u00e3o, dada a escassez crescente de energia e a necessidade de diversificar a matriz energ\u00e9tica.<\/p>\n<p>A empresa j\u00e1 atua no ramo h\u00e1 d\u00e9cadas, mas foi a partir de meados de 2012 que decidiu ir mais fundo, deixando de ser fornecedora de componentes, apenas, para oferecer o projeto completo.<\/p>\n<p>\u00c9 o que vem acontecendo na \u00e1rea de gera\u00e7\u00e3o de energia a partir do vento. A Weg tornou-se a \u00fanica empresa brasileira a oferecer uma das principais solu\u00e7\u00f5es do parque e\u00f3lico, o aerogerador (aquele que se parece com um ventilador gigante). As primeiras unidades est\u00e3o sendo entregues neste ano.<\/p>\n<p>No pr\u00f3ximo dia 31, por exemplo, 11 aerogeradores v\u00e3o equipar a usina de Ibiapina, no Cear\u00e1. E, para 2015, a Weg fechou um contrato com a Alupar Investimentos para instalar 46 unidades de 2.1 MW no complexo Energia dos Ventos, em Aracati, tamb\u00e9m no Cear\u00e1.<\/p>\n<p>H\u00e1 projetos, ainda, com as companhias estaduais de energia el\u00e9trica do Rio Grande do Sul e do Paran\u00e1. Ao todo, a Weg tem uma carteira de R$ 530 milh\u00f5es nessa \u00e1rea.<\/p>\n<p><strong>Conhe\u00e7a o processo de inova\u00e7\u00e3o da Weg<\/strong><\/p>\n<p>\u2014 Vamos crescer devagar para n\u00e3o prejudicar a lucratividade da companhia. A tecnologia est\u00e1 bem dominada, o maior risco nesse ramo \u00e9 o custo \u2014 afirma o diretor de energia e\u00f3lica da Weg Energia, Jo\u00e3o Paulo Gualberto da Silva.<\/p>\n<p>O custo de instala\u00e7\u00e3o de uma usina e\u00f3lica completa requer investimentos da ordem de R$ 5 milh\u00f5es por megawatt instalado, e s\u00f3 o aerogerador responde por mais da metade do montante.<\/p>\n<p><strong>A estrat\u00e9gia<\/strong><\/p>\n<p>Para conseguir competir com nomes de peso como a alem\u00e3 Wobben, as espanholas Gamesa e Acciona, a norte-americana GE, a argentina Impsa e a francesa Alston, todas com f\u00e1bricas em solo nacional, a Weg firmou um acordo tecnol\u00f3gico com a companhia norte-americana Northern Power Systems, que a habilitou a fabricar aerogeradores para gera\u00e7\u00e3o de energia a partir do vento.<\/p>\n<p>O segundo passo foi desenvolver a rede de fornecedores para os produtos de gera\u00e7\u00e3o de energia e\u00f3lica que n\u00e3o fabrica internamente, entre eles, a torre, as p\u00e1s, fundidos e rolamentos especiais. A Weg cuida de todo o projeto e produz internamente as solu\u00e7\u00f5es el\u00e9tricas e eletr\u00f4nicas.<\/p>\n<p>No total, 14 empresas come\u00e7aram a tuar no ramo fornecendo itens para Weg e outras 23 investiram para aumentar a capacidade ou iniciaram a produ\u00e7\u00e3o de novos componentes.<\/p>\n<p>O grupo Cassol \u00e9 um exemplo. N\u00e3o atuava no setor e\u00f3lico e tornou-se o principal fornecedor da Weg da torre de concreto de 80 metros de altura (em m\u00e9dia), respons\u00e1vel pela sustenta\u00e7\u00e3o das p\u00e1s do aerogerador.<\/p>\n<p>A Weg tamb\u00e9m investe para aumentar o conhecimento interno e tem o apoio de consultorias da Alemanha, Holanda e dos Estados Unidos, j\u00e1 que h\u00e1 poucos profissionais especializados no mercado e cursos voltados para gera\u00e7\u00e3o de energia e\u00f3lica.<\/p>\n<p>A meta da Weg \u00e9 deixar a depend\u00eancia norte-americana e conquistar a autonomia tecnol\u00f3gica.<\/p>\n<p><strong>Projeto Tubar\u00e3o<\/strong><\/p>\n<p>Um time de 15 engenheiros da Weg trabalha em tempo integral no projeto de um aerogerador com dimens\u00f5es e capacidade superiores, desenvolvido em parceria com a Tractebel, a maior geradora privada de energia do Pa\u00eds. S\u00e3o 3,3 MW de pot\u00eancia, com rotor de 130 metros e torre com altura de 130 metros.<\/p>\n<p>O projeto n\u00e3o \u00e9 comercial. Faz parte do investimento da Tractebel em pesquisa e desenvolvimento. A Ag\u00eancia Nacional de Energia El\u00e9trica (Aneel) determina que as geradoras gastem 0,5% do faturamento anual em P&amp;D.<\/p>\n<p>O projeto est\u00e1 sendo instalado em Tubar\u00e3o (SC) e seria capaz de gerar 18.396 MW\/h se ventasse o tempo todo. A estimativa em condi\u00e7\u00f5es reais \u00e9 de 8.278 MW\/h, o suficiente para abastecer 450 casas por m\u00eas.<\/p>\n<p><strong>Energia solar<\/strong><\/p>\n<p>At\u00e9 final de 2015, a Weg vai fornecer quase 10% da energia utilizada na ilha de Fernando de Noronha. A empresa entregou, no final de julho deste ano, uma usina solar fotovoltaica de 450 kWp (kilowatts pico, medi\u00e7\u00e3o feita ao meio-dia) para substituir a queima de diesel. Outra usina, de 500 kWp, ser\u00e1 instalada at\u00e9 abril do ano que vem.<\/p>\n<p>Energia solar \u00e9 a mais recente aposta da empresa na \u00e1rea de energias sustent\u00e1veis. Para isso, nos \u00faltimos dois anos, criou uma estrutura de engenharia, equipe comercial e instalou um centro de pesquisa na Alemanha.<\/p>\n<p>\u2014 A Alemanha \u00e9 o pa\u00eds com maior concentra\u00e7\u00e3o de energia instalada, 30 GWp instalado, ali reside o conhecimento nesta \u00e1rea \u2014 afirma o diretor superintendente da Weg Automa\u00e7\u00e3o, Umberto Gobbato.<\/p>\n<p>A Weg fabrica todos os componentes, com exce\u00e7\u00e3o do m\u00f3dulo fotovoltaico (pain\u00e9is), feito de sil\u00edcio, alum\u00ednio e um vidro especial, que tem na China o fornecedor para 80% da demanda mundial.<\/p>\n<p>Composta por 1.644 pain\u00e9is, a Usina Solar Noronha I recebeu investimentos de R$ 5 milh\u00f5es. A aquisi\u00e7\u00e3o, transporte e instala\u00e7\u00e3o dos m\u00f3dulos ficaram a cargo da Weg. A empresa ser\u00e1 respons\u00e1vel por monitorar a opera\u00e7\u00e3o por um ano.<\/p>\n<p>Fonte: Di\u00e1rio Catarinense\/Claudine Nunes<\/p>\n","protected":false},"excerpt":{"rendered":"<p>Mais conhecida pela fabrica\u00e7\u00e3o de motores el\u00e9tricos, a Weg, de Jaragu\u00e1 do Sul, entrou de vez no estrat\u00e9gico segmento de gera\u00e7\u00e3o de energia a partir&#8230;<\/p>\n","protected":false},"author":1182,"featured_media":7937,"comment_status":"closed","ping_status":"closed","sticky":false,"template":"","format":"standard","meta":{"footnotes":""},"categories":[6],"tags":[],"class_list":["post-8665","post","type-post","status-publish","format-standard","has-post-thumbnail","hentry","category-noticias"],"_links":{"self":[{"href":"https:\/\/www.sincomam.org.br\/index.php\/wp-json\/wp\/v2\/posts\/8665","targetHints":{"allow":["GET"]}}],"collection":[{"href":"https:\/\/www.sincomam.org.br\/index.php\/wp-json\/wp\/v2\/posts"}],"about":[{"href":"https:\/\/www.sincomam.org.br\/index.php\/wp-json\/wp\/v2\/types\/post"}],"author":[{"embeddable":true,"href":"https:\/\/www.sincomam.org.br\/index.php\/wp-json\/wp\/v2\/users\/1182"}],"replies":[{"embeddable":true,"href":"https:\/\/www.sincomam.org.br\/index.php\/wp-json\/wp\/v2\/comments?post=8665"}],"version-history":[{"count":1,"href":"https:\/\/www.sincomam.org.br\/index.php\/wp-json\/wp\/v2\/posts\/8665\/revisions"}],"predecessor-version":[{"id":8666,"href":"https:\/\/www.sincomam.org.br\/index.php\/wp-json\/wp\/v2\/posts\/8665\/revisions\/8666"}],"wp:featuredmedia":[{"embeddable":true,"href":"https:\/\/www.sincomam.org.br\/index.php\/wp-json\/wp\/v2\/media\/7937"}],"wp:attachment":[{"href":"https:\/\/www.sincomam.org.br\/index.php\/wp-json\/wp\/v2\/media?parent=8665"}],"wp:term":[{"taxonomy":"category","embeddable":true,"href":"https:\/\/www.sincomam.org.br\/index.php\/wp-json\/wp\/v2\/categories?post=8665"},{"taxonomy":"post_tag","embeddable":true,"href":"https:\/\/www.sincomam.org.br\/index.php\/wp-json\/wp\/v2\/tags?post=8665"}],"curies":[{"name":"wp","href":"https:\/\/api.w.org\/{rel}","templated":true}]}}