{"id":8654,"date":"2014-10-27T08:26:38","date_gmt":"2014-10-27T10:26:38","guid":{"rendered":"http:\/\/www.sincomam.org.br\/?p=8654"},"modified":"2014-10-25T09:58:55","modified_gmt":"2014-10-25T11:58:55","slug":"antaq-celebra-contrato-de-adesao-com-a-empresa-samarco-mineracao","status":"publish","type":"post","link":"https:\/\/www.sincomam.org.br\/index.php\/antaq-celebra-contrato-de-adesao-com-a-empresa-samarco-mineracao\/","title":{"rendered":"Antaq celebra contrato de ades\u00e3o com a empresa Samarco Minera\u00e7\u00e3o"},"content":{"rendered":"<p>A Antaq, representando a Uni\u00e3o, celebrou com a empresa Samarco Minera\u00e7\u00e3o S\/A. contrato de ades\u00e3o adaptado \u00e0 Lei n\u00ba 12.815\/2013. A assinatura aconteceu na sede da Ag\u00eancia, em Bras\u00edlia. Pela ANTAQ, participaram os diretores M\u00e1rio Povia (diretor-geral) e Adalberto Tokarski, e pela empresa o seu diretor de Projetos e Ecoefici\u00eancia, Maury de Souza Junior, e o seu gerente-geral Jur\u00eddico, Jos\u00e9 Otto Segui Tempor\u00e3o.<\/p>\n<p>Com a assinatura do contrato, a empresa fica autorizada a explorar instala\u00e7\u00e3o portu\u00e1ria na modalidade Terminal de Uso Privado, denominada Terminal Mar\u00edtimo Ponta Ubu, localizada em Anchieta (ES). A autoriza\u00e7\u00e3o compreende a movimenta\u00e7\u00e3o e armazenagem de granel s\u00f3lido e carga geral. A \u00e1rea autorizada para explora\u00e7\u00e3o da instala\u00e7\u00e3o portu\u00e1ria corresponde a 743.006,58 metros quadrados.<\/p>\n<p>A autoriza\u00e7\u00e3o do terminal ter\u00e1 vig\u00eancia por 25 anos contados da data de assinatura do contrato de ades\u00e3o, prorrog\u00e1vel por per\u00edodos sucessivos mediante a manuten\u00e7\u00e3o da atividade pela autorizada e realiza\u00e7\u00e3o dos investimentos necess\u00e1rios \u00e0 expans\u00e3o e moderniza\u00e7\u00e3o das instala\u00e7\u00f5es portu\u00e1rias.<\/p>\n<p>Fonte: Antaq<\/p>\n","protected":false},"excerpt":{"rendered":"<p>A Antaq, representando a Uni\u00e3o, celebrou com a empresa Samarco Minera\u00e7\u00e3o S\/A. contrato de ades\u00e3o adaptado \u00e0 Lei n\u00ba 12.815\/2013. A assinatura aconteceu na sede&#8230;<\/p>\n","protected":false},"author":1182,"featured_media":6017,"comment_status":"closed","ping_status":"closed","sticky":false,"template":"","format":"standard","meta":{"footnotes":""},"categories":[6],"tags":[],"class_list":["post-8654","post","type-post","status-publish","format-standard","has-post-thumbnail","hentry","category-noticias"],"_links":{"self":[{"href":"https:\/\/www.sincomam.org.br\/index.php\/wp-json\/wp\/v2\/posts\/8654","targetHints":{"allow":["GET"]}}],"collection":[{"href":"https:\/\/www.sincomam.org.br\/index.php\/wp-json\/wp\/v2\/posts"}],"about":[{"href":"https:\/\/www.sincomam.org.br\/index.php\/wp-json\/wp\/v2\/types\/post"}],"author":[{"embeddable":true,"href":"https:\/\/www.sincomam.org.br\/index.php\/wp-json\/wp\/v2\/users\/1182"}],"replies":[{"embeddable":true,"href":"https:\/\/www.sincomam.org.br\/index.php\/wp-json\/wp\/v2\/comments?post=8654"}],"version-history":[{"count":1,"href":"https:\/\/www.sincomam.org.br\/index.php\/wp-json\/wp\/v2\/posts\/8654\/revisions"}],"predecessor-version":[{"id":8655,"href":"https:\/\/www.sincomam.org.br\/index.php\/wp-json\/wp\/v2\/posts\/8654\/revisions\/8655"}],"wp:featuredmedia":[{"embeddable":true,"href":"https:\/\/www.sincomam.org.br\/index.php\/wp-json\/wp\/v2\/media\/6017"}],"wp:attachment":[{"href":"https:\/\/www.sincomam.org.br\/index.php\/wp-json\/wp\/v2\/media?parent=8654"}],"wp:term":[{"taxonomy":"category","embeddable":true,"href":"https:\/\/www.sincomam.org.br\/index.php\/wp-json\/wp\/v2\/categories?post=8654"},{"taxonomy":"post_tag","embeddable":true,"href":"https:\/\/www.sincomam.org.br\/index.php\/wp-json\/wp\/v2\/tags?post=8654"}],"curies":[{"name":"wp","href":"https:\/\/api.w.org\/{rel}","templated":true}]}}