{"id":8646,"date":"2014-10-30T08:00:50","date_gmt":"2014-10-30T10:00:50","guid":{"rendered":"http:\/\/www.sincomam.org.br\/?p=8646"},"modified":"2014-10-25T09:44:30","modified_gmt":"2014-10-25T11:44:30","slug":"antaq-realiza-audiencia-publica-de-norma-sobre-prestacao-de-servico-portuario-e-utilizacao-excepcional-de-areas-portuarias","status":"publish","type":"post","link":"https:\/\/www.sincomam.org.br\/index.php\/antaq-realiza-audiencia-publica-de-norma-sobre-prestacao-de-servico-portuario-e-utilizacao-excepcional-de-areas-portuarias\/","title":{"rendered":"ANTAQ realiza audi\u00eancia p\u00fablica de norma sobre presta\u00e7\u00e3o de servi\u00e7o portu\u00e1rio e utiliza\u00e7\u00e3o excepcional de \u00e1reas portu\u00e1rias"},"content":{"rendered":"<p>A ANTAQ realiza audi\u00eancia p\u00fablica, no per\u00edodo que iniciou em 23\/10 e vai at\u00e9 o dia 21\/11\/2014, visando obter subs\u00eddios e informa\u00e7\u00f5es adicionais para o aprimoramento do ato normativo aprovado pela Resolu\u00e7\u00e3o n\u00ba 3.707-ANTAQ, que objetiva aprovar proposta de norma que regula a presta\u00e7\u00e3o de servi\u00e7o portu\u00e1rio em bases n\u00e3o discriminat\u00f3rias e a utiliza\u00e7\u00e3o excepcional de \u00e1reas e instala\u00e7\u00f5es portu\u00e1rias concedidas, arrendadas ou autorizadas.<\/p>\n<p>A minuta do ato normativo desta audi\u00eancia est\u00e1 dispon\u00edvel no portal da Ag\u00eancia (www.antaq.gov.br), na internet. As contribui\u00e7\u00f5es poder\u00e3o ser dirigidas \u00e0 ANTAQ at\u00e9 \u00e0s 18h do dia 21\/11\/2014 exclusivamente por meio de formul\u00e1rio eletr\u00f4nico, tamb\u00e9m dispon\u00edvel no s\u00edtio da Ag\u00eancia, no link \u201cAudi\u00eancias P\u00fablicas\u201d.<\/p>\n<p>Ser\u00e3o aceitas apenas as contribui\u00e7\u00f5es enviadas por meio do citado formul\u00e1rio eletr\u00f4nico. Caso o interessado n\u00e3o tenha os recursos necess\u00e1rios para o envio da contribui\u00e7\u00e3o, poder\u00e1 realizar a sua contribui\u00e7\u00e3o utilizando computador da Secretaria-Geral da ANTAQ, no caso de Bras\u00edlia, ou das Unidades Administrativas Regionais da ANTAQ, cujos endere\u00e7os est\u00e3o dispon\u00edveis no s\u00edtio da Ag\u00eancia.<\/p>\n<p><strong>Audi\u00eancia presencial<\/strong><\/p>\n<p>Com o objetivo de fomentar a discuss\u00e3o e esclarecer eventuais d\u00favidas sobre este ato normativo, ser\u00e1 realizada audi\u00eancia p\u00fablica presencial no audit\u00f3rio da ANTAQ, (ed. ANTAQ, t\u00e9rreo, SEPN &#8211; Setor de Edif\u00edcios P\u00fablicos Norte, qd. 514, conj. E, Asa Norte &#8211; Bras\u00edlia-DF, CEP: 70760-545), no dia 11 de novembro de 2014, com in\u00edcio \u00e0s 14h30 e t\u00e9rmino quando da manifesta\u00e7\u00e3o do \u00faltimo credenciado, sendo 17h o seu hor\u00e1rio limite. O credenciamento ser\u00e1 realizado no local, das 14h \u00e0s 15h.<\/p>\n<p>As contribui\u00e7\u00f5es recebidas pela ANTAQ ser\u00e3o disponibilizadas aos interessados na Internet, no s\u00edtio da Ag\u00eancia.<\/p>\n<p>Fonte: Antaq<\/p>\n","protected":false},"excerpt":{"rendered":"<p>A ANTAQ realiza audi\u00eancia p\u00fablica, no per\u00edodo que iniciou em 23\/10 e vai at\u00e9 o dia 21\/11\/2014, visando obter subs\u00eddios e informa\u00e7\u00f5es adicionais para o&#8230;<\/p>\n","protected":false},"author":1182,"featured_media":8125,"comment_status":"closed","ping_status":"closed","sticky":false,"template":"","format":"standard","meta":{"footnotes":""},"categories":[6],"tags":[],"class_list":["post-8646","post","type-post","status-publish","format-standard","has-post-thumbnail","hentry","category-noticias"],"_links":{"self":[{"href":"https:\/\/www.sincomam.org.br\/index.php\/wp-json\/wp\/v2\/posts\/8646","targetHints":{"allow":["GET"]}}],"collection":[{"href":"https:\/\/www.sincomam.org.br\/index.php\/wp-json\/wp\/v2\/posts"}],"about":[{"href":"https:\/\/www.sincomam.org.br\/index.php\/wp-json\/wp\/v2\/types\/post"}],"author":[{"embeddable":true,"href":"https:\/\/www.sincomam.org.br\/index.php\/wp-json\/wp\/v2\/users\/1182"}],"replies":[{"embeddable":true,"href":"https:\/\/www.sincomam.org.br\/index.php\/wp-json\/wp\/v2\/comments?post=8646"}],"version-history":[{"count":1,"href":"https:\/\/www.sincomam.org.br\/index.php\/wp-json\/wp\/v2\/posts\/8646\/revisions"}],"predecessor-version":[{"id":8647,"href":"https:\/\/www.sincomam.org.br\/index.php\/wp-json\/wp\/v2\/posts\/8646\/revisions\/8647"}],"wp:featuredmedia":[{"embeddable":true,"href":"https:\/\/www.sincomam.org.br\/index.php\/wp-json\/wp\/v2\/media\/8125"}],"wp:attachment":[{"href":"https:\/\/www.sincomam.org.br\/index.php\/wp-json\/wp\/v2\/media?parent=8646"}],"wp:term":[{"taxonomy":"category","embeddable":true,"href":"https:\/\/www.sincomam.org.br\/index.php\/wp-json\/wp\/v2\/categories?post=8646"},{"taxonomy":"post_tag","embeddable":true,"href":"https:\/\/www.sincomam.org.br\/index.php\/wp-json\/wp\/v2\/tags?post=8646"}],"curies":[{"name":"wp","href":"https:\/\/api.w.org\/{rel}","templated":true}]}}