{"id":8621,"date":"2014-10-24T08:28:51","date_gmt":"2014-10-24T10:28:51","guid":{"rendered":"http:\/\/www.sincomam.org.br\/?p=8621"},"modified":"2014-10-24T09:11:37","modified_gmt":"2014-10-24T11:11:37","slug":"porto-seco-de-foz-do-iguacu-ja-movimentou-r-11-bilhoes-em-2014","status":"publish","type":"post","link":"https:\/\/www.sincomam.org.br\/index.php\/porto-seco-de-foz-do-iguacu-ja-movimentou-r-11-bilhoes-em-2014\/","title":{"rendered":"Porto Seco de Foz do Igua\u00e7u j\u00e1 movimentou R$ 11 bilh\u00f5es em 2014"},"content":{"rendered":"<p>Mais de R$ 11 bilh\u00f5es em mercadorias. Este foi o movimento registrado na Esta\u00e7\u00e3o Aduaneira do Interior, em Foz do Igua\u00e7u, entre os meses de janeiro e setembro de 2014.<\/p>\n<p>Em entrevista ao programa CBN Foz ], na manh\u00e3 de ontem, quarta-feira (22), o superintendente da empresa Elog para a Regi\u00e3o Sul, Ant\u00f4nio da Rocha, deu detalhes sobre o funcionamento do porto seco.<\/p>\n<p>Segundo Rocha, no decorrer do ano, o maior volume vem sendo o de exporta\u00e7\u00f5es (R$ 6,5 bilh\u00f5es), com destaque para o envio de m\u00e1quinas e insumos agr\u00edcolas ao Paraguai.<\/p>\n<p>Para atender \u00e0 demanda, a empresa gestora da esta\u00e7\u00e3o, juntamente com as autoridades respons\u00e1veis pela fiscaliza\u00e7\u00e3o, realizou melhorias nos processos de atendimento, como forma de reduzir a ocorr\u00eancia de filas.<\/p>\n<p>Fonte: CBN\/Guilherme Wojciechowski<br \/>Foto: Receita Federal<\/p>\n","protected":false},"excerpt":{"rendered":"<p>Mais de R$ 11 bilh\u00f5es em mercadorias. Este foi o movimento registrado na Esta\u00e7\u00e3o Aduaneira do Interior, em Foz do Igua\u00e7u, entre os meses de&#8230;<\/p>\n","protected":false},"author":1182,"featured_media":8629,"comment_status":"closed","ping_status":"closed","sticky":false,"template":"","format":"standard","meta":{"footnotes":""},"categories":[6],"tags":[],"class_list":["post-8621","post","type-post","status-publish","format-standard","has-post-thumbnail","hentry","category-noticias"],"_links":{"self":[{"href":"https:\/\/www.sincomam.org.br\/index.php\/wp-json\/wp\/v2\/posts\/8621","targetHints":{"allow":["GET"]}}],"collection":[{"href":"https:\/\/www.sincomam.org.br\/index.php\/wp-json\/wp\/v2\/posts"}],"about":[{"href":"https:\/\/www.sincomam.org.br\/index.php\/wp-json\/wp\/v2\/types\/post"}],"author":[{"embeddable":true,"href":"https:\/\/www.sincomam.org.br\/index.php\/wp-json\/wp\/v2\/users\/1182"}],"replies":[{"embeddable":true,"href":"https:\/\/www.sincomam.org.br\/index.php\/wp-json\/wp\/v2\/comments?post=8621"}],"version-history":[{"count":3,"href":"https:\/\/www.sincomam.org.br\/index.php\/wp-json\/wp\/v2\/posts\/8621\/revisions"}],"predecessor-version":[{"id":8631,"href":"https:\/\/www.sincomam.org.br\/index.php\/wp-json\/wp\/v2\/posts\/8621\/revisions\/8631"}],"wp:featuredmedia":[{"embeddable":true,"href":"https:\/\/www.sincomam.org.br\/index.php\/wp-json\/wp\/v2\/media\/8629"}],"wp:attachment":[{"href":"https:\/\/www.sincomam.org.br\/index.php\/wp-json\/wp\/v2\/media?parent=8621"}],"wp:term":[{"taxonomy":"category","embeddable":true,"href":"https:\/\/www.sincomam.org.br\/index.php\/wp-json\/wp\/v2\/categories?post=8621"},{"taxonomy":"post_tag","embeddable":true,"href":"https:\/\/www.sincomam.org.br\/index.php\/wp-json\/wp\/v2\/tags?post=8621"}],"curies":[{"name":"wp","href":"https:\/\/api.w.org\/{rel}","templated":true}]}}