{"id":8604,"date":"2014-10-23T09:16:24","date_gmt":"2014-10-23T11:16:24","guid":{"rendered":"http:\/\/www.sincomam.org.br\/?p=8604"},"modified":"2014-10-23T09:16:24","modified_gmt":"2014-10-23T11:16:24","slug":"projeto-de-terminal-de-graneis-em-sc-recebe-licenca-ambiental","status":"publish","type":"post","link":"https:\/\/www.sincomam.org.br\/index.php\/projeto-de-terminal-de-graneis-em-sc-recebe-licenca-ambiental\/","title":{"rendered":"Projeto de terminal de gran\u00e9is em SC recebe licen\u00e7a ambiental"},"content":{"rendered":"<p>O Instituto Brasileiro do Meio Ambiente e dos Recursos Naturais Renov\u00e1veis (Ibama) concedeu nesta quarta-feira (22), a licen\u00e7a pr\u00e9via do terminal de gran\u00e9is de Santa Catarina (TGSC), localizado na Ba\u00eda da Babitonga, no litoral norte do estado. O complexo contar\u00e1 com estrutura para descarga de gran\u00e9is s\u00f3lidos e ter\u00e1 capacidade para movimentar at\u00e9 10 milh\u00f5es de toneladas anualmente.<\/p>\n<p>O empreendimento, que receber\u00e1 investimentos privados de R$ 600 milh\u00f5es, tem como s\u00f3cios a Logz Log\u00edstica, a Litoral Solu\u00e7\u00f5es e o grupo chin\u00eas Hopefful. A previs\u00e3o do cons\u00f3rcio \u00e9 que os servi\u00e7os de terraplanagem tenham in\u00edcio at\u00e9 o final de 2014. O prazo de constru\u00e7\u00e3o do terminal ser\u00e1 de 18 a 24 meses. O in\u00edcio de opera\u00e7\u00e3o est\u00e1 previsto para safra de 2017.<\/p>\n<p>O projeto prev\u00ea dois ber\u00e7os de atraca\u00e7\u00f5es para navios graneleiros tipo panamax e capsizes, estrutura para armazenagem completa, capacidade est\u00e1tica para 250 mil toneladas m\u00e9tricas, capacidade de embarque com dois <em>shiploaders <\/em>(carregadores) para quatro mil toneladas por hora. O licenciamento teve assessoria jur\u00eddica da Dietrich Advocacia Ambiental.<\/p>\n<p>Fonte: Portos e Navios<\/p>\n","protected":false},"excerpt":{"rendered":"<p>O Instituto Brasileiro do Meio Ambiente e dos Recursos Naturais Renov\u00e1veis (Ibama) concedeu nesta quarta-feira (22), a licen\u00e7a pr\u00e9via do terminal de gran\u00e9is de Santa&#8230;<\/p>\n","protected":false},"author":1182,"featured_media":0,"comment_status":"closed","ping_status":"closed","sticky":false,"template":"","format":"standard","meta":{"footnotes":""},"categories":[6],"tags":[149,80,292],"class_list":["post-8604","post","type-post","status-publish","format-standard","hentry","category-noticias","tag-graneis","tag-porto","tag-santa-catarina"],"_links":{"self":[{"href":"https:\/\/www.sincomam.org.br\/index.php\/wp-json\/wp\/v2\/posts\/8604","targetHints":{"allow":["GET"]}}],"collection":[{"href":"https:\/\/www.sincomam.org.br\/index.php\/wp-json\/wp\/v2\/posts"}],"about":[{"href":"https:\/\/www.sincomam.org.br\/index.php\/wp-json\/wp\/v2\/types\/post"}],"author":[{"embeddable":true,"href":"https:\/\/www.sincomam.org.br\/index.php\/wp-json\/wp\/v2\/users\/1182"}],"replies":[{"embeddable":true,"href":"https:\/\/www.sincomam.org.br\/index.php\/wp-json\/wp\/v2\/comments?post=8604"}],"version-history":[{"count":1,"href":"https:\/\/www.sincomam.org.br\/index.php\/wp-json\/wp\/v2\/posts\/8604\/revisions"}],"predecessor-version":[{"id":8605,"href":"https:\/\/www.sincomam.org.br\/index.php\/wp-json\/wp\/v2\/posts\/8604\/revisions\/8605"}],"wp:attachment":[{"href":"https:\/\/www.sincomam.org.br\/index.php\/wp-json\/wp\/v2\/media?parent=8604"}],"wp:term":[{"taxonomy":"category","embeddable":true,"href":"https:\/\/www.sincomam.org.br\/index.php\/wp-json\/wp\/v2\/categories?post=8604"},{"taxonomy":"post_tag","embeddable":true,"href":"https:\/\/www.sincomam.org.br\/index.php\/wp-json\/wp\/v2\/tags?post=8604"}],"curies":[{"name":"wp","href":"https:\/\/api.w.org\/{rel}","templated":true}]}}