{"id":8584,"date":"2014-10-23T08:20:44","date_gmt":"2014-10-23T10:20:44","guid":{"rendered":"http:\/\/www.sincomam.org.br\/?p=8584"},"modified":"2014-10-22T09:50:52","modified_gmt":"2014-10-22T11:50:52","slug":"tribunal-maritimo-realiza-iv-workshop-do-tribunal-maritimo-disseminando-o-direito-maritimo","status":"publish","type":"post","link":"https:\/\/www.sincomam.org.br\/index.php\/tribunal-maritimo-realiza-iv-workshop-do-tribunal-maritimo-disseminando-o-direito-maritimo\/","title":{"rendered":"IV Workshop do Tribunal Mar\u00edtimo tem como tema: \u201cDisseminando o Direito Mar\u00edtimo\u201d"},"content":{"rendered":"<p>No dia 15 de outubro, o Tribunal Mar\u00edtimo apresentou o IV Workshop \u201cDisseminando o Direito Mar\u00edtimo\u201d e o lan\u00e7amento do Livro \u201c80 Anos do Tribunal Mar\u00edtimo 1934-2014\u201d, encerrando as comemora\u00e7\u00f5es alusivas ao seu octog\u00e9simo anivers\u00e1rio.<\/p>\n<p>O evento foi aberto pelo Vice-Almirante Marcos Nunes de Miranda, Presidente do Tribunal Mar\u00edtimo, e contou com a presen\u00e7a de representantes dos principais escrit\u00f3rios de advocacia do pa\u00eds, de renomados especialistas, acad\u00eamicos e profissionais que atuam direta e indiretamente na \u00e1rea do Direito Mar\u00edtimo, al\u00e9m de autoridades navais, como o Vice-Almirante Cl\u00e1udio Portugal Viveiros, Diretor de Portos e Costas, representando na ocasi\u00e3o o Comandante da Marinha. \u00a0 \u00a0 \u00a0<\/p>\n<p>Em sua 4\u00aa edi\u00e7\u00e3o, o evento j\u00e1 \u00e9 considerado uma refer\u00eancia na \u00e1rea do Direito Mar\u00edtimo em nosso pa\u00eds. Sua programa\u00e7\u00e3o foi composta de seis exposi\u00e7\u00f5es com enfoque interdisciplinar.\u00a0\u00a0\u00a0\u00a0\u00a0\u00a0\u00a0\u00a0<\/p>\n<p>Ao t\u00e9rmino dos trabalhos, foi realizado o Lan\u00e7amento do Livro Comemorativo. Os primeiros exemplares da obra foram entregues ao Ex-Presidente, Vice-Almirante Luiz Augusto Correia e ao Diretor da Procuradoria Especial da Marinha (PEM), Vice-Almirante Rui da Fonseca Elia.<\/p>\n<p>Fonte: Marinha do Brasil<\/p>\n","protected":false},"excerpt":{"rendered":"<p>No dia 15 de outubro, o Tribunal Mar\u00edtimo apresentou o IV Workshop \u201cDisseminando o Direito Mar\u00edtimo\u201d e o lan\u00e7amento do Livro \u201c80 Anos do Tribunal&#8230;<\/p>\n","protected":false},"author":1182,"featured_media":8586,"comment_status":"closed","ping_status":"closed","sticky":false,"template":"","format":"standard","meta":{"footnotes":""},"categories":[6],"tags":[],"class_list":["post-8584","post","type-post","status-publish","format-standard","has-post-thumbnail","hentry","category-noticias"],"_links":{"self":[{"href":"https:\/\/www.sincomam.org.br\/index.php\/wp-json\/wp\/v2\/posts\/8584","targetHints":{"allow":["GET"]}}],"collection":[{"href":"https:\/\/www.sincomam.org.br\/index.php\/wp-json\/wp\/v2\/posts"}],"about":[{"href":"https:\/\/www.sincomam.org.br\/index.php\/wp-json\/wp\/v2\/types\/post"}],"author":[{"embeddable":true,"href":"https:\/\/www.sincomam.org.br\/index.php\/wp-json\/wp\/v2\/users\/1182"}],"replies":[{"embeddable":true,"href":"https:\/\/www.sincomam.org.br\/index.php\/wp-json\/wp\/v2\/comments?post=8584"}],"version-history":[{"count":3,"href":"https:\/\/www.sincomam.org.br\/index.php\/wp-json\/wp\/v2\/posts\/8584\/revisions"}],"predecessor-version":[{"id":8589,"href":"https:\/\/www.sincomam.org.br\/index.php\/wp-json\/wp\/v2\/posts\/8584\/revisions\/8589"}],"wp:featuredmedia":[{"embeddable":true,"href":"https:\/\/www.sincomam.org.br\/index.php\/wp-json\/wp\/v2\/media\/8586"}],"wp:attachment":[{"href":"https:\/\/www.sincomam.org.br\/index.php\/wp-json\/wp\/v2\/media?parent=8584"}],"wp:term":[{"taxonomy":"category","embeddable":true,"href":"https:\/\/www.sincomam.org.br\/index.php\/wp-json\/wp\/v2\/categories?post=8584"},{"taxonomy":"post_tag","embeddable":true,"href":"https:\/\/www.sincomam.org.br\/index.php\/wp-json\/wp\/v2\/tags?post=8584"}],"curies":[{"name":"wp","href":"https:\/\/api.w.org\/{rel}","templated":true}]}}